{"id":23081,"date":"2020-04-10T10:06:46","date_gmt":"2020-04-10T14:06:46","guid":{"rendered":"https:\/\/www.radioamigavallenar.cl\/?p=23081"},"modified":"2020-04-10T10:06:47","modified_gmt":"2020-04-10T14:06:47","slug":"bienes-nacionales-contacta-por-telefono-a-16-familias-de-atacama-para-informarles-que-ahora-son-duenos-de-sus-propiedades","status":"publish","type":"post","link":"https:\/\/www.radioamigavallenar.cl\/?p=23081","title":{"rendered":"Bienes Nacionales contacta por tel\u00e9fono a 16 familias de Atacama para informarles que ahora son due\u00f1os de sus propiedades"},"content":{"rendered":"\n<div class=\"wp-block-image\"><figure class=\"aligncenter size-large\"><img decoding=\"async\" src=\"https:\/\/www.radioamigavallenar.cl\/wp-content\/uploads\/2020\/04\/Captura-de-pantalla-2020-04-09-a-las-16.19.39-1.png\" alt=\"\" class=\"wp-image-23083\"\/><\/figure><\/div>\n\n\n\n<p><strong>El Ministerio de Bienes Nacionales comenz\u00f3 esta semana un intenso despliegue nacional para contactar por tel\u00e9fono a 3.466 familias a lo largo de todo Chile, de las cuales 16 son de la regi\u00f3n de Atacama, para informarles que el t\u00edtulo de dominio que los convierte en due\u00f1os de sus propiedades, ha finalizado su tramitaci\u00f3n en el Ministerio y est\u00e1 listo para entreg\u00e1rselos. &nbsp;<\/strong><\/p>\n\n\n\n<p>Es as\u00ed, como el ministro Julio Isamit, junto a la Seremi Carla Guaita, el resto de las autoridades en regiones y su equipo de trabajo, llamar\u00e1n personalmente uno a uno a estos nuevos propietarios, muchos de los cuales llevan varios a\u00f1os esperando, para transmitirles esta buena noticia y explicarles que su t\u00edtulo se les entregar\u00e1 f\u00edsicamente una vez termine la actual emergencia sanitaria.<\/p>\n\n\n\n<p>\u201cHoy no existe un lugar d\u00f3nde nos sintamos m\u00e1s seguros y tranquilos que en nuestra casa. Por eso, es que&nbsp;estamos trabajando d\u00eda a d\u00eda y con sentido de urgencia para convertir a Chile en un pa\u00eds de propietarios.\u201d, explic\u00f3.<\/p>\n\n\n\n<p>\u201cEn el dif\u00edcil momento que atravesamos como pa\u00eds, estamos muy contentos de poder entregarle a estas 16 familias esta buena noticia, porque sabemos que les va a mejorar profundamente su calidad de vida al ejercer con libertad los derechos que tiene todo due\u00f1o y al acceder a los&nbsp;beneficios sociales que el Estado pone a su disposici\u00f3n\u201d, dijo el ministro Isamit.<\/p>\n\n\n\n<p>\u201cPor eso, en&nbsp;Bienes Nacionales hemos asumido el compromiso&nbsp;de bajar el tiempo de espera de los tr\u00e1mites de regularizaci\u00f3n. En marzo de 2018 este tiempo era en promedio 4,9 a\u00f1os, en diciembre de 2019 fue 2,5 a\u00f1os y, cuando termine nuestro Gobierno en diciembre de 2020, este tiempo de tr\u00e1mite ser\u00e1 de 2 a\u00f1os\u201d, inform\u00f3.<\/p>\n\n\n\n<p>Por su parte, la Seremi de Bienes Atacama, Carla Guaita, record\u00f3 a los usuarios e interesados en iniciar sus tr\u00e1mites, \u201ctanto de regularizaci\u00f3n como de cualquier otra \u00edndole, que la atenci\u00f3n de Bienes Nacionales Atacama se mantiene v\u00eda servicios digitales, recordando que los canales de atenci\u00f3n ciudadana para la regi\u00f3n son el mail&nbsp;<a href=\"mailto:atacama@mbienes.cl\">atacama@mbienes.cl<\/a>; y los tel\u00e9fonos 522526803, 522526810 y 522526818\u2033.<\/p>\n\n\n\n<p>Programa Chile Propietario:<\/p>\n\n\n\n<p>El Ministerio de Bienes Nacionales tiene la facultad de regularizar, a trav\u00e9s de la aplicaci\u00f3n de un procedimiento administrativo, la situaci\u00f3n del poseedor material de un bien ra\u00edz, reconoci\u00e9ndole la calidad de poseedor regular para adquirir el dominio del inmueble.<\/p>\n\n\n\n<p>Este servicio se aplica en forma excepcional cuando la regularizaci\u00f3n resulta dif\u00edcil u onerosa de obtener por otras leyes y busca resolver situaciones hist\u00f3ricas de posesi\u00f3n irregular de terrenos particulares, permitiendo a las personas tener un T\u00edtulo de Dominio.<\/p>\n\n\n\n<p>El procedimiento contiene una parte jur\u00eddica de acreditaci\u00f3n de requisitos legales y una parte t\u00e9cnica de comprobaci\u00f3n de la situaci\u00f3n en terreno, mediante la cual el poseedor material de un bien ra\u00edz que carece de T\u00edtulo puede llegar a adquirir el dominio de esa propiedad en el plazo de un a\u00f1o despu\u00e9s de inscrito en el Conservador de Bienes Ra\u00edces. As\u00ed, consolidado el dominio, podr\u00e1 optar a subsidios, programas de mejoramiento, cr\u00e9ditos, vender, construir y arrendar.<\/p>\n","protected":false},"excerpt":{"rendered":"<p>El Ministerio de Bienes Nacionales comenz\u00f3 esta semana un intenso despliegue nacional para contactar por tel\u00e9fono a 3.466 familias a lo largo de todo Chile,&hellip; <\/p>\n","protected":false},"author":2,"featured_media":0,"comment_status":"open","ping_status":"closed","sticky":false,"template":"","format":"standard","meta":{"footnotes":""},"categories":[7],"tags":[],"class_list":["post-23081","post","type-post","status-publish","format-standard","hentry","category-atacama"],"_links":{"self":[{"href":"https:\/\/www.radioamigavallenar.cl\/index.php?rest_route=\/wp\/v2\/posts\/23081","targetHints":{"allow":["GET"]}}],"collection":[{"href":"https:\/\/www.radioamigavallenar.cl\/index.php?rest_route=\/wp\/v2\/posts"}],"about":[{"href":"https:\/\/www.radioamigavallenar.cl\/index.php?rest_route=\/wp\/v2\/types\/post"}],"author":[{"embeddable":true,"href":"https:\/\/www.radioamigavallenar.cl\/index.php?rest_route=\/wp\/v2\/users\/2"}],"replies":[{"embeddable":true,"href":"https:\/\/www.radioamigavallenar.cl\/index.php?rest_route=%2Fwp%2Fv2%2Fcomments&post=23081"}],"version-history":[{"count":0,"href":"https:\/\/www.radioamigavallenar.cl\/index.php?rest_route=\/wp\/v2\/posts\/23081\/revisions"}],"wp:attachment":[{"href":"https:\/\/www.radioamigavallenar.cl\/index.php?rest_route=%2Fwp%2Fv2%2Fmedia&parent=23081"}],"wp:term":[{"taxonomy":"category","embeddable":true,"href":"https:\/\/www.radioamigavallenar.cl\/index.php?rest_route=%2Fwp%2Fv2%2Fcategories&post=23081"},{"taxonomy":"post_tag","embeddable":true,"href":"https:\/\/www.radioamigavallenar.cl\/index.php?rest_route=%2Fwp%2Fv2%2Ftags&post=23081"}],"curies":[{"name":"wp","href":"https:\/\/api.w.org\/{rel}","templated":true}]}}