{"id":22983,"date":"2020-04-08T09:01:52","date_gmt":"2020-04-08T13:01:52","guid":{"rendered":"https:\/\/www.radioamigavallenar.cl\/?p=22983"},"modified":"2020-04-08T09:01:53","modified_gmt":"2020-04-08T13:01:53","slug":"continuan-trabajando-exhaustivamente-aduanas-sanitarias-en-tres-puntos-de-atacama","status":"publish","type":"post","link":"https:\/\/www.radioamigavallenar.cl\/?p=22983","title":{"rendered":"Contin\u00faan trabajando exhaustivamente aduanas sanitarias en tres puntos de Atacama"},"content":{"rendered":"\n<div class=\"wp-block-image\"><figure class=\"aligncenter size-large is-resized\"><img loading=\"lazy\" decoding=\"async\" src=\"https:\/\/www.radioamigavallenar.cl\/wp-content\/uploads\/2020\/04\/barreras.jpg\" alt=\"\" class=\"wp-image-22984\" width=\"604\" height=\"255\" srcset=\"https:\/\/www.radioamigavallenar.cl\/wp-content\/uploads\/2020\/04\/barreras.jpg 722w, https:\/\/www.radioamigavallenar.cl\/wp-content\/uploads\/2020\/04\/barreras-300x127.jpg 300w\" sizes=\"auto, (max-width: 604px) 100vw, 604px\" \/><\/figure><\/div>\n\n\n\n<p>Estas se emplazan en Cha\u00f1aral por el Norte y l\u00edmite con la regi\u00f3n de Coquimbo por el Sur.<\/p>\n\n\n\n<p>Recordar que en su debida oportunidad el Jefe de la Defensa Nacional de Atacama, General de Brigada Enrique Heyermann R\u00edos, resolvi\u00f3 seg\u00fan resoluci\u00f3n exenta N\u00ba4, establecer la instalaci\u00f3n de aduanas sanitarias en los puntos de entrada la regi\u00f3n de Atacama a contar del 22 de marzo 2020, mediante resoluci\u00f3n exenta N\u00ba 4<\/p>\n\n\n\n<p>La resoluci\u00f3n indica el establecer, como medida de control, la entrada, salida y tr\u00e1nsito de la zona declarada en estado de excepci\u00f3n constitucional de cat\u00e1strofe, la instalaci\u00f3n de aduanas sanitarias en tres puntos de entrada a la regi\u00f3n de Atacama:<\/p>\n\n\n\n<p>Las denominadas aduanas sanitarias se emplazan en la Intersecci\u00f3n de las Rutas 5 Norte y C- 13, en la comuna de Cha\u00f1aral, por el lado norte de la regi\u00f3n<\/p>\n\n\n\n<p>Otra se ubica en el \u00e1rea de servicio en Ruta 5, al norte del l\u00edmite con la Regi\u00f3n de Coquimbo cercano a la localidad de Incahuasi, sector Los Colorados.&nbsp; Una tercera aduana sanitaria est\u00e1 instalada en el aer\u00f3dromo Desierto de Atacama, comuna de Caldera.<\/p>\n\n\n\n<p>Tambi\u00e9n se est\u00e1 supervigilando los Puertos de Caldera, Huasco y Cha\u00f1aral.<\/p>\n\n\n\n<p>Las aduanas sanitarias entregaran y controlaran los pasaportes sanitarios. La conservaci\u00f3n y exhibici\u00f3n a la autoridad competente del pasaporte sanitario sera obligatoria para las personas a quienes se les entregue.<\/p>\n\n\n\n<p>Hasta la fecha desde su instalaci\u00f3n y funcionamiento m\u00e1s de 200.000 personas que han pasado por estos controles.<\/p>\n","protected":false},"excerpt":{"rendered":"<p>Estas se emplazan en Cha\u00f1aral por el Norte y l\u00edmite con la regi\u00f3n de Coquimbo por el Sur. Recordar que en su debida oportunidad el&hellip; <\/p>\n","protected":false},"author":2,"featured_media":22984,"comment_status":"open","ping_status":"closed","sticky":false,"template":"","format":"standard","meta":{"footnotes":""},"categories":[7],"tags":[],"class_list":["post-22983","post","type-post","status-publish","format-standard","has-post-thumbnail","hentry","category-atacama"],"_links":{"self":[{"href":"https:\/\/www.radioamigavallenar.cl\/index.php?rest_route=\/wp\/v2\/posts\/22983","targetHints":{"allow":["GET"]}}],"collection":[{"href":"https:\/\/www.radioamigavallenar.cl\/index.php?rest_route=\/wp\/v2\/posts"}],"about":[{"href":"https:\/\/www.radioamigavallenar.cl\/index.php?rest_route=\/wp\/v2\/types\/post"}],"author":[{"embeddable":true,"href":"https:\/\/www.radioamigavallenar.cl\/index.php?rest_route=\/wp\/v2\/users\/2"}],"replies":[{"embeddable":true,"href":"https:\/\/www.radioamigavallenar.cl\/index.php?rest_route=%2Fwp%2Fv2%2Fcomments&post=22983"}],"version-history":[{"count":0,"href":"https:\/\/www.radioamigavallenar.cl\/index.php?rest_route=\/wp\/v2\/posts\/22983\/revisions"}],"wp:featuredmedia":[{"embeddable":true,"href":"https:\/\/www.radioamigavallenar.cl\/index.php?rest_route=\/wp\/v2\/media\/22984"}],"wp:attachment":[{"href":"https:\/\/www.radioamigavallenar.cl\/index.php?rest_route=%2Fwp%2Fv2%2Fmedia&parent=22983"}],"wp:term":[{"taxonomy":"category","embeddable":true,"href":"https:\/\/www.radioamigavallenar.cl\/index.php?rest_route=%2Fwp%2Fv2%2Fcategories&post=22983"},{"taxonomy":"post_tag","embeddable":true,"href":"https:\/\/www.radioamigavallenar.cl\/index.php?rest_route=%2Fwp%2Fv2%2Ftags&post=22983"}],"curies":[{"name":"wp","href":"https:\/\/api.w.org\/{rel}","templated":true}]}}