{"id":22900,"date":"2020-04-07T00:00:00","date_gmt":"2020-04-07T04:00:00","guid":{"rendered":"https:\/\/www.radioamigavallenar.cl\/?p=22900"},"modified":"2020-04-06T21:44:25","modified_gmt":"2020-04-07T01:44:25","slug":"freirina-continua-entregando-medidas-para-evitar-contagios-por-coronavirus","status":"publish","type":"post","link":"https:\/\/www.radioamigavallenar.cl\/?p=22900","title":{"rendered":"Freirina contin\u00faa entregando medidas para evitar contagios por coronavirus"},"content":{"rendered":"\n<div class=\"wp-block-image\"><figure class=\"aligncenter size-large\"><img loading=\"lazy\" decoding=\"async\" width=\"800\" height=\"600\" src=\"https:\/\/www.radioamigavallenar.cl\/wp-content\/uploads\/2020\/04\/Medidas-por-emergencia-4-e1586201478867.jpeg\" alt=\"\" class=\"wp-image-22901\" srcset=\"https:\/\/www.radioamigavallenar.cl\/wp-content\/uploads\/2020\/04\/Medidas-por-emergencia-4-e1586201478867.jpeg 800w, https:\/\/www.radioamigavallenar.cl\/wp-content\/uploads\/2020\/04\/Medidas-por-emergencia-4-e1586201478867-300x225.jpeg 300w, https:\/\/www.radioamigavallenar.cl\/wp-content\/uploads\/2020\/04\/Medidas-por-emergencia-4-e1586201478867-768x576.jpeg 768w\" sizes=\"auto, (max-width: 800px) 100vw, 800px\" \/><\/figure><\/div>\n\n\n\n<p>Equipo de salud y Municipio han puesto al servicio de los vecinos una serie de medidas que mantengan a cero la activaci\u00f3n por Covid-19.<\/p>\n\n\n\n<p>Un llamado a seguir manteniendo medidas preventivas que permitan un buen manejo de la emergencia sanitaria en Freirina fue el que emiti\u00f3 el Cesfam Practicante Oscar Ruiz a la comunidad organizada, toda vez que desde la semana del lunes 30 de marzo al domingo 05 de abril, el recinto de salud tuvo cero activaci\u00f3n de protocolo por Covid-19.<\/p>\n\n\n\n<p>As\u00ed lo dio a conocer el Director del recinto asistencial Gonzalo Opazo, quien dijo que las medidas adoptadas en el Cesfam apuntan cien por ciento a mantener el virus lejos de la comuna, \u201chemos liderado desde el Cesfam una campa\u00f1a que permita que los vecinos tomen conciencia de esta pandemia, ac\u00e1 hay un compromiso por parte de los funcionarios de la salud municipal, pero los vecinos tambi\u00e9n tienen que poner de su parte\u201d indic\u00f3.<\/p>\n\n\n\n<p>Respecto de otras medidas se inform\u00f3 a los vecinos que el Cekam (Centro Kin\u00e9sico del Adulto Mayor) se encuentra con cierre temporal, se mantienen suspendidos los ex\u00e1menes de laboratorio, salvo aquellos de urgencia seg\u00fan criterio m\u00e9dico, mientras que para ingresar al Cesfam se debe presentar en la mesa de atenci\u00f3n al inicio del recinto, donde entre otras medidas se hacen tomas de temperatura y se entrega informaci\u00f3n de apoyo a los usuarios. Es importante acudir al servicio de urgencia rural s\u00f3lo en caso de ser necesario, donde la idea es que el paciente llegue s\u00f3lo con un acompa\u00f1ante.<\/p>\n\n\n\n<p class=\"has-text-align-center\"><strong>MUNICIPIO<\/strong><\/p>\n\n\n\n<p>Desde la Municipalidad informaron que se atender\u00e1 p\u00fablico de manera muy limitada durante esta semana acotada, s\u00f3lo grupos de peque\u00f1os de personas pueden ingresar al edificio, el acceso ser\u00e1 controlado, y no se permitir\u00e1 el ingreso de ni\u00f1os y ni\u00f1as. Adem\u00e1s por tratarse de Semana Santa, el Municipio ha determinado que el recorrido del cami\u00f3n recolector har\u00e1 doble turno, es decir, las poblaciones que se atienden los d\u00edas viernes y s\u00e1bado, ser\u00e1n atendidas el mismo jueves. La entrega del agua a los sectores rurales,&nbsp; sigue de manera normal como una medida de apoyo en esta emergencia sanitaria.<\/p>\n\n\n\n<p>Cabe destacar que la Residencia del Sename, que administra la Municipalidad, cuenta con todos los protocolos que permitan el resguardo de los ni\u00f1os, ni\u00f1as y j\u00f3venes del hogar, y con ellos hay una red de apoyo de los profesionales que la entidad municipal pone a disposici\u00f3n.<\/p>\n\n\n\n<p>Por su parte, el Alcalde Cesar Orellana destac\u00f3 el trabajo en materia de prevenci\u00f3n que se vienen realizando junto a los funcionarios municipales y al equipo de salud, \u201cestamos todos comprometidos en esto, lo peor que nos podr\u00eda pasar es que un freirinense se contagie por no haber tomado las medidas, que aunque parezcan majaderas, son vitales para no tener que lamentar contagios en la comuna\u201d sostuvo. El edil indic\u00f3 que \u201cqueremos reforzar esta campa\u00f1a de no venir a Freirina en Semana Santa, porque sabemos que muchos familiares de otras comunas se ver\u00e1n tentados por venir a nuestra ciudad sabiendo que en la regi\u00f3n de Atacama lideramos a nivel nacional en cuanto al menor n\u00famero de contagiados, todo lo contrario, querremos que por el bien de nuestras familias, hagan todo los esfuerzos por no venir. Cuidarnos y tomar medidas preventivas es tarea de todos, no s\u00f3lo de la autoridad\u201d sentenci\u00f3.<\/p>\n","protected":false},"excerpt":{"rendered":"<p>Equipo de salud y Municipio han puesto al servicio de los vecinos una serie de medidas que mantengan a cero la activaci\u00f3n por Covid-19. Un&hellip; <\/p>\n","protected":false},"author":2,"featured_media":22901,"comment_status":"open","ping_status":"closed","sticky":false,"template":"","format":"standard","meta":{"footnotes":""},"categories":[3],"tags":[],"class_list":["post-22900","post","type-post","status-publish","format-standard","has-post-thumbnail","hentry","category-freirina"],"_links":{"self":[{"href":"https:\/\/www.radioamigavallenar.cl\/index.php?rest_route=\/wp\/v2\/posts\/22900","targetHints":{"allow":["GET"]}}],"collection":[{"href":"https:\/\/www.radioamigavallenar.cl\/index.php?rest_route=\/wp\/v2\/posts"}],"about":[{"href":"https:\/\/www.radioamigavallenar.cl\/index.php?rest_route=\/wp\/v2\/types\/post"}],"author":[{"embeddable":true,"href":"https:\/\/www.radioamigavallenar.cl\/index.php?rest_route=\/wp\/v2\/users\/2"}],"replies":[{"embeddable":true,"href":"https:\/\/www.radioamigavallenar.cl\/index.php?rest_route=%2Fwp%2Fv2%2Fcomments&post=22900"}],"version-history":[{"count":0,"href":"https:\/\/www.radioamigavallenar.cl\/index.php?rest_route=\/wp\/v2\/posts\/22900\/revisions"}],"wp:featuredmedia":[{"embeddable":true,"href":"https:\/\/www.radioamigavallenar.cl\/index.php?rest_route=\/wp\/v2\/media\/22901"}],"wp:attachment":[{"href":"https:\/\/www.radioamigavallenar.cl\/index.php?rest_route=%2Fwp%2Fv2%2Fmedia&parent=22900"}],"wp:term":[{"taxonomy":"category","embeddable":true,"href":"https:\/\/www.radioamigavallenar.cl\/index.php?rest_route=%2Fwp%2Fv2%2Fcategories&post=22900"},{"taxonomy":"post_tag","embeddable":true,"href":"https:\/\/www.radioamigavallenar.cl\/index.php?rest_route=%2Fwp%2Fv2%2Ftags&post=22900"}],"curies":[{"name":"wp","href":"https:\/\/api.w.org\/{rel}","templated":true}]}}