{"id":22893,"date":"2020-04-06T13:39:55","date_gmt":"2020-04-06T16:39:55","guid":{"rendered":"https:\/\/www.radioamigavallenar.cl\/?p=22893"},"modified":"2020-04-06T13:39:55","modified_gmt":"2020-04-06T16:39:55","slug":"diputada-rn-sofia-cid-pide-al-director-nacional-de-junaeb-recapacitar-tras-suspender-canastas-de-alimentos-por-vacaciones","status":"publish","type":"post","link":"https:\/\/www.radioamigavallenar.cl\/?p=22893","title":{"rendered":"Diputada RN Sof\u00eda Cid pide al director nacional de Junaeb \u201crecapacitar\u201d tras suspender canastas de alimentos por vacaciones"},"content":{"rendered":"\n<div class=\"wp-block-image\"><figure class=\"aligncenter size-large\"><img loading=\"lazy\" decoding=\"async\" width=\"1024\" height=\"683\" src=\"https:\/\/www.radioamigavallenar.cl\/wp-content\/uploads\/2020\/04\/sofiacid_junaeb-1024x683-1.jpg\" alt=\"\" class=\"wp-image-22894\" srcset=\"https:\/\/www.radioamigavallenar.cl\/wp-content\/uploads\/2020\/04\/sofiacid_junaeb-1024x683-1.jpg 1024w, https:\/\/www.radioamigavallenar.cl\/wp-content\/uploads\/2020\/04\/sofiacid_junaeb-1024x683-1-300x200.jpg 300w, https:\/\/www.radioamigavallenar.cl\/wp-content\/uploads\/2020\/04\/sofiacid_junaeb-1024x683-1-768x512.jpg 768w\" sizes=\"auto, (max-width: 1024px) 100vw, 1024px\" \/><\/figure><\/div>\n\n\n\n<p><strong>La legisladora por la Regi\u00f3n de Atacama, lament\u00f3 la medida que genera un \u201cnuevo problema a las familias\u201d.<\/strong><\/p>\n\n\n\n<p>Muy preocupada se manifest\u00f3 la diputada de Renovaci\u00f3n Nacional Sof\u00eda Cid Versalovic, tras conocer el anuncio del director de la Junta Nacional de Auxilio Escolar y Becas (Junaeb), Jaime Toh\u00e1, quien asegur\u00f3 que no se entregar\u00e1n los alimentos correspondientes a las semanas de vacaciones de invierno, que debieron ser adelantadas ante la crisis sanitaria por Coronavirus que afecta al mundo y a Chile.<\/p>\n\n\n\n<p>Lo que significa en la pr\u00e1ctica \u2013 seg\u00fan Cid- una nueva limitaci\u00f3n para las miles de familias que est\u00e1n siendo golpeadas por la crisis econ\u00f3mica que gener\u00f3 la pandemia en territorio nacional, &nbsp;y en especial a los estudiantes de los establecimientos municipales y particular subvencionados de la Regi\u00f3n de Atacama y del pa\u00eds.<\/p>\n\n\n\n<p>Por lo anterior, la diputada rechaz\u00f3 el anuncio y llam\u00f3 a Toh\u00e1 a reevaluar la medida.<\/p>\n\n\n\n<p>\u201cEs primordial que nuestros ni\u00f1os reciban sus colaciones. Estamos viviendo una crisis sanitaria &nbsp;econ\u00f3mica en la Regi\u00f3n de Atacama, el pa\u00eds y el mundo, y no puede ser que el Estado niegue la alimentaci\u00f3n a los ni\u00f1os.\u201d, sostuvo enf\u00e1tica la diputada Cid.<\/p>\n\n\n\n<p>En esa l\u00ednea, la legisladora RN asegur\u00f3 que esto se transformar\u00e1 \u201cen una dificultad mayor, sobre todo para aquellas familias que solo tienen esta manera de poder alimentar a sus hijos. Es su responsabilidad\u201d.<\/p>\n\n\n\n<p>Por ello, insisti\u00f3 en su llamado a Toh\u00e1, en su calidad de responsable de la entidad a que recapacite y reeval\u00fae su decisi\u00f3n, e incluso le envi\u00f3 un oficio con este fin. &nbsp;<\/p>\n\n\n\n<p>\u201cEsto lo debemos abordar prontamente, ya que en esta crisis sanitaria no se puede dejar de distribuir alimentaci\u00f3n a nuestros ni\u00f1os, en particular a los m\u00e1s necesitados. Por eso pido al director nacional de Junaeb que recapacite, porque si insiste, sumar\u00e1 otro problema a las familias m\u00e1s necesitas de nuestra regi\u00f3n y del pa\u00eds.\u00bb, remat\u00f3.<\/p>\n","protected":false},"excerpt":{"rendered":"<p>La legisladora por la Regi\u00f3n de Atacama, lament\u00f3 la medida que genera un \u201cnuevo problema a las familias\u201d. Muy preocupada se manifest\u00f3 la diputada de&hellip; <\/p>\n","protected":false},"author":2,"featured_media":22894,"comment_status":"open","ping_status":"closed","sticky":false,"template":"","format":"standard","meta":{"footnotes":""},"categories":[7],"tags":[],"class_list":["post-22893","post","type-post","status-publish","format-standard","has-post-thumbnail","hentry","category-atacama"],"_links":{"self":[{"href":"https:\/\/www.radioamigavallenar.cl\/index.php?rest_route=\/wp\/v2\/posts\/22893","targetHints":{"allow":["GET"]}}],"collection":[{"href":"https:\/\/www.radioamigavallenar.cl\/index.php?rest_route=\/wp\/v2\/posts"}],"about":[{"href":"https:\/\/www.radioamigavallenar.cl\/index.php?rest_route=\/wp\/v2\/types\/post"}],"author":[{"embeddable":true,"href":"https:\/\/www.radioamigavallenar.cl\/index.php?rest_route=\/wp\/v2\/users\/2"}],"replies":[{"embeddable":true,"href":"https:\/\/www.radioamigavallenar.cl\/index.php?rest_route=%2Fwp%2Fv2%2Fcomments&post=22893"}],"version-history":[{"count":0,"href":"https:\/\/www.radioamigavallenar.cl\/index.php?rest_route=\/wp\/v2\/posts\/22893\/revisions"}],"wp:featuredmedia":[{"embeddable":true,"href":"https:\/\/www.radioamigavallenar.cl\/index.php?rest_route=\/wp\/v2\/media\/22894"}],"wp:attachment":[{"href":"https:\/\/www.radioamigavallenar.cl\/index.php?rest_route=%2Fwp%2Fv2%2Fmedia&parent=22893"}],"wp:term":[{"taxonomy":"category","embeddable":true,"href":"https:\/\/www.radioamigavallenar.cl\/index.php?rest_route=%2Fwp%2Fv2%2Fcategories&post=22893"},{"taxonomy":"post_tag","embeddable":true,"href":"https:\/\/www.radioamigavallenar.cl\/index.php?rest_route=%2Fwp%2Fv2%2Ftags&post=22893"}],"curies":[{"name":"wp","href":"https:\/\/api.w.org\/{rel}","templated":true}]}}