{"id":22881,"date":"2020-04-06T12:36:27","date_gmt":"2020-04-06T15:36:27","guid":{"rendered":"https:\/\/www.radioamigavallenar.cl\/?p=22881"},"modified":"2020-04-06T12:36:28","modified_gmt":"2020-04-06T15:36:28","slug":"senadora-provoste-anuncia-ingreso-de-proyecto-de-ley-para-que-cuentas-de-servicios-basicos-sean-pagadas-con-ayuda-del-estado-y-las-empresas","status":"publish","type":"post","link":"https:\/\/www.radioamigavallenar.cl\/?p=22881","title":{"rendered":"Senadora Provoste anuncia ingreso de proyecto de ley para que cuentas de servicios b\u00e1sicos sean pagadas con ayuda del Estado y las empresas"},"content":{"rendered":"\n<div class=\"wp-block-image\"><figure class=\"aligncenter size-large\"><img loading=\"lazy\" decoding=\"async\" width=\"900\" height=\"600\" src=\"https:\/\/www.radioamigavallenar.cl\/wp-content\/uploads\/2019\/10\/yasna-provoste3.jpg\" alt=\"\" class=\"wp-image-17307\" srcset=\"https:\/\/www.radioamigavallenar.cl\/wp-content\/uploads\/2019\/10\/yasna-provoste3.jpg 900w, https:\/\/www.radioamigavallenar.cl\/wp-content\/uploads\/2019\/10\/yasna-provoste3-300x200.jpg 300w, https:\/\/www.radioamigavallenar.cl\/wp-content\/uploads\/2019\/10\/yasna-provoste3-768x512.jpg 768w\" sizes=\"auto, (max-width: 900px) 100vw, 900px\" \/><\/figure><\/div>\n\n\n\n<p>\u00abIngresaremos proyecto para que aquellas personas que no puedan pagar sus cuentas de servicios de luz, agua y gas, reprogramen esas deudas entre 12 y 24 meses sin interesas y multas; y que un porcentaje de \u00e9stas puedan ser cubiertas con subsidio p\u00fablico y otra parte por las propias empresas\u00bb, explic\u00f3 la parlamentaria.<\/p>\n\n\n\n<p>La senadora Yasna Provoste anunci\u00f3 el ingreso de un proyecto de ley para que aquellas personas que est\u00e1n imposibilitadas de pagar las cuentas de electricidad, agua y gas -ya sea por problemas econ\u00f3micos o de acceso- puedan reprogramar sus deudas entre 12 y 24 meses sin interesas y multas, pago que busca ser cubierto por el usuario, el Estado y las propias empresas. Esto, luego de calificar como \u00abinsuficiente\u00bb&nbsp; el acuerdo del Gobierno con las empresas de servicios b\u00e1sicos del pa\u00eds para contrarrestar las consecuencias sociales y econ\u00f3micas que ha provocado la pandemia por Covid-19.<\/p>\n\n\n\n<p>\u201cEste acuerdo del Gobierno se limita al 40% m\u00e1s pobre de la poblaci\u00f3n, pero sabemos que la situaci\u00f3n afectar\u00e1 gravemente a muchos otros. Adicionalmente, ya se inici\u00f3 el periodo en que se cobra de manera adicional por sobre consumo de invierno, lo que resulta absurdo cuando le estamos pidiendo a la gente que se quede en sus casas y que ,por lo tanto, est\u00e1n los grupos familiares completos todo el d\u00eda en los hogares\u201d afirm\u00f3 la parlamentaria por Atacama, a\u00f1adiendo que&nbsp;\u201ces evidente que habr\u00e1 sobre consumo y no podemos castigar esa situaci\u00f3n en un periodo como este\u201d.<\/p>\n\n\n\n<p>Es por ello, que Provoste anunci\u00f3 la presentaci\u00f3n de una iniciativa que se ajuste a la realidad que est\u00e1 viviendo el pa\u00eds tras la la propagaci\u00f3n del virus, con el fin de&nbsp;aportar una soluci\u00f3n concreta para los tres servicios b\u00e1sicos de electricidad, agua y gas.<\/p>\n\n\n\n<p>\u201cEl objetivo es que el 50% lo asuma el cliente final, cancelando el monto adeudado en las cuentas de los pr\u00f3ximos 12 o 24 meses sin intereses ni cargos adicionales de ning\u00fan tipo; un 25% lo asume el estado a trav\u00e9s de un subsidio; y el 25 % restante lo asumen las empresas, en el caso el\u00e9ctrico considerando asignaci\u00f3n en proporci\u00f3n a los segmentos (generaci\u00f3n, transmisi\u00f3n, distribuci\u00f3n)\u201d, puntualiz\u00f3.<\/p>\n","protected":false},"excerpt":{"rendered":"<p>\u00abIngresaremos proyecto para que aquellas personas que no puedan pagar sus cuentas de servicios de luz, agua y gas, reprogramen esas deudas entre 12 y&hellip; <\/p>\n","protected":false},"author":2,"featured_media":17307,"comment_status":"open","ping_status":"closed","sticky":false,"template":"","format":"standard","meta":{"footnotes":""},"categories":[7,37],"tags":[],"class_list":["post-22881","post","type-post","status-publish","format-standard","has-post-thumbnail","hentry","category-atacama","category-nacional"],"_links":{"self":[{"href":"https:\/\/www.radioamigavallenar.cl\/index.php?rest_route=\/wp\/v2\/posts\/22881","targetHints":{"allow":["GET"]}}],"collection":[{"href":"https:\/\/www.radioamigavallenar.cl\/index.php?rest_route=\/wp\/v2\/posts"}],"about":[{"href":"https:\/\/www.radioamigavallenar.cl\/index.php?rest_route=\/wp\/v2\/types\/post"}],"author":[{"embeddable":true,"href":"https:\/\/www.radioamigavallenar.cl\/index.php?rest_route=\/wp\/v2\/users\/2"}],"replies":[{"embeddable":true,"href":"https:\/\/www.radioamigavallenar.cl\/index.php?rest_route=%2Fwp%2Fv2%2Fcomments&post=22881"}],"version-history":[{"count":0,"href":"https:\/\/www.radioamigavallenar.cl\/index.php?rest_route=\/wp\/v2\/posts\/22881\/revisions"}],"wp:featuredmedia":[{"embeddable":true,"href":"https:\/\/www.radioamigavallenar.cl\/index.php?rest_route=\/wp\/v2\/media\/17307"}],"wp:attachment":[{"href":"https:\/\/www.radioamigavallenar.cl\/index.php?rest_route=%2Fwp%2Fv2%2Fmedia&parent=22881"}],"wp:term":[{"taxonomy":"category","embeddable":true,"href":"https:\/\/www.radioamigavallenar.cl\/index.php?rest_route=%2Fwp%2Fv2%2Fcategories&post=22881"},{"taxonomy":"post_tag","embeddable":true,"href":"https:\/\/www.radioamigavallenar.cl\/index.php?rest_route=%2Fwp%2Fv2%2Ftags&post=22881"}],"curies":[{"name":"wp","href":"https:\/\/api.w.org\/{rel}","templated":true}]}}