{"id":22878,"date":"2020-04-06T11:09:26","date_gmt":"2020-04-06T14:09:26","guid":{"rendered":"https:\/\/www.radioamigavallenar.cl\/?p=22878"},"modified":"2020-04-06T11:09:49","modified_gmt":"2020-04-06T14:09:49","slug":"convergencia-nacional-de-gremios-pymes-y-cooperativas-de-chile","status":"publish","type":"post","link":"https:\/\/www.radioamigavallenar.cl\/?p=22878","title":{"rendered":"Convergencia nacional de gremios pymes y cooperativas de chile"},"content":{"rendered":"\n<div class=\"wp-block-image\"><figure class=\"aligncenter size-large\"><img loading=\"lazy\" decoding=\"async\" width=\"700\" height=\"410\" src=\"https:\/\/www.radioamigavallenar.cl\/wp-content\/uploads\/2020\/04\/pymes-diariojuridico.jpg\" alt=\"\" class=\"wp-image-22879\" srcset=\"https:\/\/www.radioamigavallenar.cl\/wp-content\/uploads\/2020\/04\/pymes-diariojuridico.jpg 700w, https:\/\/www.radioamigavallenar.cl\/wp-content\/uploads\/2020\/04\/pymes-diariojuridico-300x176.jpg 300w\" sizes=\"auto, (max-width: 700px) 100vw, 700px\" \/><\/figure><\/div>\n\n\n\n<p>Las diputadas y diputados abajo firmantes, en conjunto con las organizaciones y asociaciones que conforman la Convergencia de Pymes y Cooperativas, nos dirigimos a Ud. con la intenci\u00f3n de exponer la preocupaci\u00f3n que nos asiste ante los acontecimientos relativos a la salud p\u00fablica derivados del brote pand\u00e9mico de COVID-19 en nuestro pa\u00eds, y, que afectan a la ciudadan\u00eda en general y en particular a los trabajadores y micro, peque\u00f1as y medianas empresas de nuestro pa\u00eds.<br>Dadas las proyecciones econ\u00f3micas y esperables consecuencias para todos los sectores, es que manifestamos nuestra preocupaci\u00f3n y solicitamos tenga a bien adoptar todas las medidas que permitan mitigar los efectos de la actual crisis y, porque no tambi\u00e9n, anticiparnos a las consecuencias en toda nuestra econom\u00eda y sociedad. Por tanto, esperamos que el Estado dise\u00f1e pol\u00edticas p\u00fablicas de corto plazo y env\u00ede leyes que permitan llevar esta crisis econ\u00f3mica con el menor costo posible para las Pymes que representan el 98,5% de las empresas de nuestro pa\u00eds y generan el 60% del empleo privado.<br>Para tal efecto, nos permitimos sugerir medidas que pueden ayudar y apoyar a la Peque\u00f1a y Mediana empresa que de acuerdo con la normativa vigente son aquellas empresas con un volumen de venta inferior a UF100.000.<\/p>\n\n\n\n<ol class=\"wp-block-list\"><li>Implementaci\u00f3n urgente de un subsidio directo a las PYMES y cooperativas como principal medida para mantener los empleos afectados, poniendo especial \u00e9nfasis en la recontrataci\u00f3n de trabajadores y trabajadoras. Y a trav\u00e9s de la banca privada en general y el Banco del Estado en particular con cr\u00e9ditos puente a tasa 0% que permita liquidez para la recontrataci\u00f3n y recuperaci\u00f3n de stock y materias prima a las peque\u00f1as y medianas empresas y sus trabajadores.<\/li><\/ol>\n\n\n\n<ol class=\"wp-block-list\" start=\"2\"><li>Anticipaci\u00f3n de pagos a proveedores tanto desde las grandes empresas, como desde entidades estatales, disminuyendo los plazos que establece la ley de pronto pago sin posibilidad de acogerse a los mutuos acuerdos establecidos en la ley entre clientes y proveedores. <\/li><li>Favorecer la participaci\u00f3n de las Pymes en ChileCompra, desarrollando y expandiendo licitaciones cuyos vol\u00famenes puedan ser abordados por Pymes individuales o por \u201cUniones temporales de Proveedores\u201d entre Pymes en caso de ser necesarios. En especial, se deber\u00e1 priorizar las adquisiciones de productos y servicios desarrollados o proporcionados por las Pymes que sean estrat\u00e9gicos o esenciales frente a la crisis sanitaria y sus consecuencias. <\/li><li>Prorrogar los pagos de servicios b\u00e1sicos en que hayan incurrido las Pymes por un tiempo de 6 meses desde el 18 de marzo de 2020 <\/li><li>Liquidez necesaria para que las 6 \u00faltimas cuotas de cr\u00e9ditos cualquiera sea la naturaleza de este sean traspasados al final del per\u00edodo de pago sin capitalizaci\u00f3n de intereses, por el sistema financiero en su totalidad. Eximiendo de gastos y cobros asociados a esta pr\u00f3rroga. <\/li><li>Que se pueda acceder a todos los beneficios que ha otorgado y otorgar\u00e1 el Estado, aunque la peque\u00f1a o mediana empresa figure en el bolet\u00edn comercial o DICOM o que se encontrare en situaci\u00f3n de mora en el servicio a la mora. <\/li><li>Postergaci\u00f3n del pago de impuestos y condonaci\u00f3n de deudas tributarias de las Pymes. Condonaci\u00f3n del impuesto territorial a propiedades donde se emplaza la Pyme cuyo aval\u00fao fiscal sea inferior a 150 millones. <\/li><li>Postergaci\u00f3n del plazo para la celebraci\u00f3n de Juntas Generales de Socios de Cooperativas y el cese de todo cobro de la DECOOP por concepto de supervisi\u00f3n y fiscalizaci\u00f3n de las Cooperativas. <\/li><li>Establecimiento de una Mesa de Trabajo Pymes a efecto del seguimiento de estas medidas y el trabajo de otras propuestas que puedan surgir para el mejoramiento de las condiciones de las Peque\u00f1as y Medianas Empresas y sus trabajadores y trabajadoras, el Gobierno y los Parlamentarios.<\/li><\/ol>\n\n\n\n<p>Si bien los problemas de las Pymes, sus demandas y solicitudes al estado no son problema s\u00f3lo del presente, sino que se arrastran desde hace mucho tiempo, la aparici\u00f3n del COVID-19 hace necesaria celeridad en la intervenci\u00f3n del Estado a trav\u00e9s de pol\u00edticas p\u00fablicas concretas orientadas a la inversi\u00f3n y reactivaci\u00f3n de la econom\u00eda.<br>Finalmente creemos importante focalizar las inversiones por parte del Estado en las \u00e1reas que ser\u00e1n m\u00e1s afectadas por las estimaciones de diversos centros de estudio por el desempleo, a saber, un 60% de las empresas del sector \u201crestoranes y hoteles\u201d, 80% de las empresas del sector \u201cactividades art\u00edsticas\u201d, el 50% de las empresas de transporte y el 30% de empresas sector \u201ccomercio\u201d, las empresas de manufactura y exportaci\u00f3n.<\/p>\n\n\n\n<p>Es por todo lo ya consignado, que solicitamos a S.E. el Presidente de la Rep\u00fablica considerar estas solicitudes y las recoja en una Agenda Pro-Pyme de emergencia, en beneficio de este important\u00edsimo sector para el bienestar y la econom\u00eda nacional, lo cual redundar\u00e1 indefectiblemente en el bienestar de la inmensa mayor\u00eda de los chilenos y las chilenas.<br>Esperando una buena acogida a lo planteado, se despiden atentamente,<\/p>\n\n\n\n<p>ASEXMA CHILE A.G Roberto Fantuzzi<br>CONUPIA Roberto Rojas<br>APIS Eduardo Del Solar<br>CONFECOOP Horacio Azocar<br>UNAF-CHILE. Juan Corval\u00e1n<br>CONTTRAMEN Eduardo Castillo<br>ADICO Fernando Rodr\u00edguez<br>ASOF Froil\u00e1n Flores<br>UNFACH Alfredo Nebreda<\/p>\n\n\n\n<p class=\"has-text-align-center\"><strong>Diputados y diputadas firmantes<\/strong><\/p>\n\n\n\n<p>Karol Cariola ,Gonzalo Fuenzalida ,Gael Yeomans ,Marcela Sabat ,Erika Olivera ,Andres Longton ,Camila Vallejo ,Boris Barrera ,Amaro Labra Rodrigo Gonz\u00e1lez ,Giorgio Jackson ,Mat\u00edas Walker ,Gabriel Silber ,Daniela Cicardini ,Hugo Rey ,Carmen Hertz, Cristobal Urruticoechea ,Paulina Nu\u00f1ez Francisco Eguiguren ,Joanna P\u00e9rez ,Alejandra Sep\u00falveda ,Claudia Mix Guillermo Teillier ,Marisela Santib\u00e1\u00f1ez ,Daniel N\u00fa\u00f1ez ,Ximena Ossand\u00f3n ,Alejandro Bernales.<\/p>\n","protected":false},"excerpt":{"rendered":"<p>Las diputadas y diputados abajo firmantes, en conjunto con las organizaciones y asociaciones que conforman la Convergencia de Pymes y Cooperativas, nos dirigimos a Ud.&hellip; <\/p>\n","protected":false},"author":2,"featured_media":22879,"comment_status":"open","ping_status":"closed","sticky":false,"template":"","format":"standard","meta":{"footnotes":""},"categories":[7,37],"tags":[],"class_list":["post-22878","post","type-post","status-publish","format-standard","has-post-thumbnail","hentry","category-atacama","category-nacional"],"_links":{"self":[{"href":"https:\/\/www.radioamigavallenar.cl\/index.php?rest_route=\/wp\/v2\/posts\/22878","targetHints":{"allow":["GET"]}}],"collection":[{"href":"https:\/\/www.radioamigavallenar.cl\/index.php?rest_route=\/wp\/v2\/posts"}],"about":[{"href":"https:\/\/www.radioamigavallenar.cl\/index.php?rest_route=\/wp\/v2\/types\/post"}],"author":[{"embeddable":true,"href":"https:\/\/www.radioamigavallenar.cl\/index.php?rest_route=\/wp\/v2\/users\/2"}],"replies":[{"embeddable":true,"href":"https:\/\/www.radioamigavallenar.cl\/index.php?rest_route=%2Fwp%2Fv2%2Fcomments&post=22878"}],"version-history":[{"count":0,"href":"https:\/\/www.radioamigavallenar.cl\/index.php?rest_route=\/wp\/v2\/posts\/22878\/revisions"}],"wp:featuredmedia":[{"embeddable":true,"href":"https:\/\/www.radioamigavallenar.cl\/index.php?rest_route=\/wp\/v2\/media\/22879"}],"wp:attachment":[{"href":"https:\/\/www.radioamigavallenar.cl\/index.php?rest_route=%2Fwp%2Fv2%2Fmedia&parent=22878"}],"wp:term":[{"taxonomy":"category","embeddable":true,"href":"https:\/\/www.radioamigavallenar.cl\/index.php?rest_route=%2Fwp%2Fv2%2Fcategories&post=22878"},{"taxonomy":"post_tag","embeddable":true,"href":"https:\/\/www.radioamigavallenar.cl\/index.php?rest_route=%2Fwp%2Fv2%2Ftags&post=22878"}],"curies":[{"name":"wp","href":"https:\/\/api.w.org\/{rel}","templated":true}]}}