{"id":22875,"date":"2020-04-06T10:56:20","date_gmt":"2020-04-06T13:56:20","guid":{"rendered":"https:\/\/www.radioamigavallenar.cl\/?p=22875"},"modified":"2020-04-06T10:56:20","modified_gmt":"2020-04-06T13:56:20","slug":"cobre-se-afirma-apoyado-en-desaceleracion-de-casos-de-coronavirus-en-grandes-economias-y-reduccion-de-inventarios","status":"publish","type":"post","link":"https:\/\/www.radioamigavallenar.cl\/?p=22875","title":{"rendered":"Cobre se afirma apoyado en desaceleraci\u00f3n de casos de coronavirus en grandes econom\u00edas y reducci\u00f3n de inventarios"},"content":{"rendered":"\n<div class=\"wp-block-image\"><figure class=\"aligncenter size-large\"><img loading=\"lazy\" decoding=\"async\" width=\"900\" height=\"600\" src=\"https:\/\/www.radioamigavallenar.cl\/wp-content\/uploads\/2020\/04\/KVWFLJ4NM5DSBKGILXHTOPYHPQ.jpg\" alt=\"\" class=\"wp-image-22876\" srcset=\"https:\/\/www.radioamigavallenar.cl\/wp-content\/uploads\/2020\/04\/KVWFLJ4NM5DSBKGILXHTOPYHPQ.jpg 900w, https:\/\/www.radioamigavallenar.cl\/wp-content\/uploads\/2020\/04\/KVWFLJ4NM5DSBKGILXHTOPYHPQ-300x200.jpg 300w, https:\/\/www.radioamigavallenar.cl\/wp-content\/uploads\/2020\/04\/KVWFLJ4NM5DSBKGILXHTOPYHPQ-768x512.jpg 768w\" sizes=\"auto, (max-width: 900px) 100vw, 900px\" \/><\/figure><\/div>\n\n\n\n<p>La cotizaci\u00f3n al contado del metal cerr\u00f3 a US$2,2076 la libra en la Bolsa de Metales de Londres, anotando su mayor nivel en tres semanas.<\/p>\n\n\n\n<p>Los precios del cobre sub\u00edan este lunes en l\u00ednea con la tendencia general de los mercados ante una mejora en el \u00e1nimo de los inversionistas tras una desaceleraci\u00f3n en las muertes y nuevos casos de coronoavirus en grandes econom\u00edas, y un retroceso en los inventarios del metal, aunque el temor a una desaceleraci\u00f3n global segu\u00eda poniendo una cuota de cautela.<\/p>\n\n\n\n<p><strong>La cotizaci\u00f3n al contado del metal cerr\u00f3 a US$2,20763 la libra en la Bolsa de Metales de Londres anotando una leve alza de 0,07% frente al cierre del viernes, con lo que registr\u00f3 su mayor nivel en tres semanas<\/strong>, mientras los futuros a 3 meses ganaban 1,14% a US$2,2175 la libra.<\/p>\n\n\n\n<p>Las muertes y nuevas infecciones por el coronavirus disminuyeron en varios pa\u00edses, incluyendo Francia, Italia y Espa\u00f1a, as\u00ed como en Nueva York.<\/p>\n\n\n\n<p>En Jap\u00f3n, el primer ministro Shinzo Abe anunci\u00f3 un paquete de est\u00edmulos por 108 billones de yenes (US$989.000 millones), equivalente al 20% de la producci\u00f3n econ\u00f3mica.<\/p>\n\n\n\n<p>El positivo comportamiento en el precio del cobre<a rel=\"noreferrer noopener\" href=\"https:\/\/www.latercera.com\/pulso\/noticia\/dolar-anota-fuerte-correccion-tras-llegar-a-segundo-nivel-mas-elevado-de-la-historia\/6Y24AEGR7ZCBHM25CE4CCMROAY\/\" target=\"_blank\">\u00a0<\/a>impulsaba un un fortalecimiento del peso chileno frente al d\u00f3lar,\u00a0tendencia que podr\u00eda sostenerse.<\/p>\n\n\n\n<p><strong>\u201cMucha atenci\u00f3n con el precio del cobre que se encuentra en zona de resistencia t\u00e9cnica importante cerca de los US$2,25 d\u00f3lares la libra, donde una ruptura al alza de estos niveles por un mejor panorama econ\u00f3mico, podr\u00eda apoyar una debilidad del d\u00f3lar en nuestro pa\u00eds por el renovado mayor ingreso de la moneda estadounidense\u201d, dijo Ricardo Bustamente jefe de Estudios Trading de Capitaria<\/strong><\/p>\n\n\n\n<h2 class=\"has-text-align-center wp-block-heading\">Reducci\u00f3n en inventarios<\/h2>\n\n\n\n<p>Los inventarios de cobre en dep\u00f3sitos aprobados por la Bolsa de Metales de Londres se redujeron en 1.050 toneladas, a 217.475 toneladas. Las existencias hab\u00edan declinado desde el m\u00e1ximo anual de 220.325 toneladas registrado el 17 de marzo.<\/p>\n\n\n\n<p>Los inventarios en almacenes registrados ante la Bolsa de Futuros de Shangh\u00e1i (ShFE) disminuyeron por tercera semana seguida al viernes, a 332.435 toneladas, un recorte del 13% frente al m\u00e1ximo de casi cuatro a\u00f1os que alcanzaron a mediados de marzo.<\/p>\n\n\n\n<p>Los precios tambi\u00e9n eran respaldados por anuncios de recortes de producci\u00f3n de grandes mineras. Antofagasta Minerals, del grupo Lukisc, anunci\u00f3 que suspender\u00eda las operaciones en el proyecto de expansi\u00f3n de Los Pelambres por cuatro meses debido al coronavirus.<\/p>\n\n\n\n<p>Otras mineras de cobre en Chile tambi\u00e9n est\u00e1n analizando reducir su producci\u00f3n en medio del efecto de las medidas restrictivas para contener la r\u00e1pida propagaci\u00f3n de la enfermedad.<\/p>\n","protected":false},"excerpt":{"rendered":"<p>La cotizaci\u00f3n al contado del metal cerr\u00f3 a US$2,2076 la libra en la Bolsa de Metales de Londres, anotando su mayor nivel en tres semanas.&hellip; <\/p>\n","protected":false},"author":2,"featured_media":22876,"comment_status":"open","ping_status":"closed","sticky":false,"template":"","format":"standard","meta":{"footnotes":""},"categories":[37],"tags":[],"class_list":["post-22875","post","type-post","status-publish","format-standard","has-post-thumbnail","hentry","category-nacional"],"_links":{"self":[{"href":"https:\/\/www.radioamigavallenar.cl\/index.php?rest_route=\/wp\/v2\/posts\/22875","targetHints":{"allow":["GET"]}}],"collection":[{"href":"https:\/\/www.radioamigavallenar.cl\/index.php?rest_route=\/wp\/v2\/posts"}],"about":[{"href":"https:\/\/www.radioamigavallenar.cl\/index.php?rest_route=\/wp\/v2\/types\/post"}],"author":[{"embeddable":true,"href":"https:\/\/www.radioamigavallenar.cl\/index.php?rest_route=\/wp\/v2\/users\/2"}],"replies":[{"embeddable":true,"href":"https:\/\/www.radioamigavallenar.cl\/index.php?rest_route=%2Fwp%2Fv2%2Fcomments&post=22875"}],"version-history":[{"count":0,"href":"https:\/\/www.radioamigavallenar.cl\/index.php?rest_route=\/wp\/v2\/posts\/22875\/revisions"}],"wp:featuredmedia":[{"embeddable":true,"href":"https:\/\/www.radioamigavallenar.cl\/index.php?rest_route=\/wp\/v2\/media\/22876"}],"wp:attachment":[{"href":"https:\/\/www.radioamigavallenar.cl\/index.php?rest_route=%2Fwp%2Fv2%2Fmedia&parent=22875"}],"wp:term":[{"taxonomy":"category","embeddable":true,"href":"https:\/\/www.radioamigavallenar.cl\/index.php?rest_route=%2Fwp%2Fv2%2Fcategories&post=22875"},{"taxonomy":"post_tag","embeddable":true,"href":"https:\/\/www.radioamigavallenar.cl\/index.php?rest_route=%2Fwp%2Fv2%2Ftags&post=22875"}],"curies":[{"name":"wp","href":"https:\/\/api.w.org\/{rel}","templated":true}]}}