{"id":22871,"date":"2020-04-06T10:50:16","date_gmt":"2020-04-06T13:50:16","guid":{"rendered":"https:\/\/www.radioamigavallenar.cl\/?p=22871"},"modified":"2020-04-06T10:50:18","modified_gmt":"2020-04-06T13:50:18","slug":"parlamentarios-de-atacama-realizan-planteamiento-comun-para-que-el-gobierno-establezca-medidas-de-proteccion-en-atacama","status":"publish","type":"post","link":"https:\/\/www.radioamigavallenar.cl\/?p=22871","title":{"rendered":"Parlamentarios de Atacama realizan planteamiento com\u00fan para que el Gobierno establezca medidas de protecci\u00f3n en Atacama"},"content":{"rendered":"\n<div class=\"wp-block-image\"><figure class=\"aligncenter size-large\"><img loading=\"lazy\" decoding=\"async\" width=\"729\" height=\"400\" src=\"https:\/\/www.radioamigavallenar.cl\/wp-content\/uploads\/2020\/04\/parlamentarios-1.jpg\" alt=\"\" class=\"wp-image-22873\" srcset=\"https:\/\/www.radioamigavallenar.cl\/wp-content\/uploads\/2020\/04\/parlamentarios-1.jpg 729w, https:\/\/www.radioamigavallenar.cl\/wp-content\/uploads\/2020\/04\/parlamentarios-1-300x165.jpg 300w\" sizes=\"auto, (max-width: 729px) 100vw, 729px\" \/><\/figure><\/div>\n\n\n\n<p>Los parlamentarios manifestaron su preocupaci\u00f3n al Presidente de la Rep\u00fablica ante las consecuencias de la pandemia, solicitando decretar con urgencia las medidas preventivas adicionales de aislamiento en la zona.<br>En una se\u00f1al de unidad ante la amenaza de la pandemia por COVID-19, representantes de Atacama en el Congreso Nacional enviaron una carta al presidente Sebasti\u00e1n Pi\u00f1era para que eval\u00fae la posibilidad de decretar una barrera sanitaria regional por un plazo no inferior a 14 d\u00edas, periodo que \u2013hasta la fecha- se ha detectado como posible contagio del virus.<\/p>\n\n\n\n<p>En la misiva, las y los legisladores indican que esta barrera debe establecer, como condici\u00f3n esencial, el control del ingreso de personas externas de la regi\u00f3n, y asegurar el adecuado suministro de bienes necesario para la subsistencia de las personas y para mantener la producci\u00f3n de aquellos sectores e industrias que se encuentran activos. Igualmente, las y los parlamentarios solicitaron al Presidente no descartar la declaraci\u00f3n de cuarentena para evitar un aumento en los contagios.<\/p>\n\n\n\n<p>Con ello, se expresa la preocupaci\u00f3n por el impacto social y econ\u00f3mico que ha provocado la pandemia, raz\u00f3n por la que denuncian la urgente necesidad de no perder el foco por el resguardo de la salud y la vida de las personas y adoptar las medidas preventivas que protejan a los ciudadanos que viven en las distintas ciudades y comunidades de la regi\u00f3n, zona que ya cuenta con cinco pacientes contagiados, 10 casos sospechosos y un posible resultado positivo.<\/p>\n\n\n\n<p>En esta misma l\u00ednea, los firmantes solicitan especial cuidado y atenci\u00f3n del Gobierno al proceso de producci\u00f3n de las grandes empresas mineras que se concentran en el norte del territorio nacional, especialmente en Atacama. Con esto, solicitan que las faenas tanto de las empresas mineras, como contratistas sean realizadas por trabajadores de la regi\u00f3n o que se encuentren en ella, de manera de evitar el flujo de trabajadores que viajan desde otras localidades del pa\u00eds para cumplir con el ejercicio de sus funciones en Atacama, arriesgando su salud y la de su entorno.<\/p>\n\n\n\n<p>Finalmente, se suman a las peticiones del Colegio M\u00e9dico Regional, quienes adem\u00e1s el pasado 23 de marzo presentaron un recurso de protecci\u00f3n en la Corte de Apelaciones de Copiap\u00f3, para que el ministro de Salud, Jaime Ma\u00f1alich, -en el uso de sus facultades- decrete aislamiento preventivo para la comunidad, con el fin de controlar las cifras de casos positivos por COVID-19.<\/p>\n\n\n\n<p>Firmantes:<br>\u2013&nbsp;Yasna Provoste, Senadora por la Regi\u00f3n de Atacama<br>\u2013&nbsp;Rafael Prohens, Senador por la Regi\u00f3n de Atacama,<br>\u2013&nbsp;Daniella Cicardini, Diputada por la Regi\u00f3n de Atacama<br>\u2013&nbsp;Sofia Cid, Diputada por la Regi\u00f3n de Atacama<br>\u2013&nbsp;Nicol\u00e1s Noman, Diputado por la Regi\u00f3n de Atacama<br>\u2013&nbsp;Juan Santana, Diputado por la Regi\u00f3n de Atacama<\/p>\n","protected":false},"excerpt":{"rendered":"<p>Los parlamentarios manifestaron su preocupaci\u00f3n al Presidente de la Rep\u00fablica ante las consecuencias de la pandemia, solicitando decretar con urgencia las medidas preventivas adicionales de&hellip; <\/p>\n","protected":false},"author":2,"featured_media":22873,"comment_status":"open","ping_status":"closed","sticky":false,"template":"","format":"standard","meta":{"footnotes":""},"categories":[7],"tags":[],"class_list":["post-22871","post","type-post","status-publish","format-standard","has-post-thumbnail","hentry","category-atacama"],"_links":{"self":[{"href":"https:\/\/www.radioamigavallenar.cl\/index.php?rest_route=\/wp\/v2\/posts\/22871","targetHints":{"allow":["GET"]}}],"collection":[{"href":"https:\/\/www.radioamigavallenar.cl\/index.php?rest_route=\/wp\/v2\/posts"}],"about":[{"href":"https:\/\/www.radioamigavallenar.cl\/index.php?rest_route=\/wp\/v2\/types\/post"}],"author":[{"embeddable":true,"href":"https:\/\/www.radioamigavallenar.cl\/index.php?rest_route=\/wp\/v2\/users\/2"}],"replies":[{"embeddable":true,"href":"https:\/\/www.radioamigavallenar.cl\/index.php?rest_route=%2Fwp%2Fv2%2Fcomments&post=22871"}],"version-history":[{"count":0,"href":"https:\/\/www.radioamigavallenar.cl\/index.php?rest_route=\/wp\/v2\/posts\/22871\/revisions"}],"wp:featuredmedia":[{"embeddable":true,"href":"https:\/\/www.radioamigavallenar.cl\/index.php?rest_route=\/wp\/v2\/media\/22873"}],"wp:attachment":[{"href":"https:\/\/www.radioamigavallenar.cl\/index.php?rest_route=%2Fwp%2Fv2%2Fmedia&parent=22871"}],"wp:term":[{"taxonomy":"category","embeddable":true,"href":"https:\/\/www.radioamigavallenar.cl\/index.php?rest_route=%2Fwp%2Fv2%2Fcategories&post=22871"},{"taxonomy":"post_tag","embeddable":true,"href":"https:\/\/www.radioamigavallenar.cl\/index.php?rest_route=%2Fwp%2Fv2%2Ftags&post=22871"}],"curies":[{"name":"wp","href":"https:\/\/api.w.org\/{rel}","templated":true}]}}