{"id":22868,"date":"2020-04-06T09:00:31","date_gmt":"2020-04-06T12:00:31","guid":{"rendered":"https:\/\/www.radioamigavallenar.cl\/?p=22868"},"modified":"2020-04-06T09:00:33","modified_gmt":"2020-04-06T12:00:33","slug":"amplian-cobertura-de-alerta-temprana-preventiva-para-siete-comunas-del-norte-por-tormentas-electricas","status":"publish","type":"post","link":"https:\/\/www.radioamigavallenar.cl\/?p=22868","title":{"rendered":"Ampl\u00edan cobertura de alerta temprana preventiva para siete comunas del norte por tormentas el\u00e9ctricas"},"content":{"rendered":"\n<figure class=\"wp-block-image size-large\"><img loading=\"lazy\" decoding=\"async\" width=\"1024\" height=\"576\" src=\"https:\/\/www.radioamigavallenar.cl\/wp-content\/uploads\/2020\/04\/foto_0000000120200406040818-1024x576.jpg\" alt=\"\" class=\"wp-image-22869\" srcset=\"https:\/\/www.radioamigavallenar.cl\/wp-content\/uploads\/2020\/04\/foto_0000000120200406040818-1024x576.jpg 1024w, https:\/\/www.radioamigavallenar.cl\/wp-content\/uploads\/2020\/04\/foto_0000000120200406040818-300x169.jpg 300w, https:\/\/www.radioamigavallenar.cl\/wp-content\/uploads\/2020\/04\/foto_0000000120200406040818-768x432.jpg 768w, https:\/\/www.radioamigavallenar.cl\/wp-content\/uploads\/2020\/04\/foto_0000000120200406040818.jpg 1130w\" sizes=\"auto, (max-width: 1024px) 100vw, 1024px\" \/><\/figure>\n\n\n\n<p>Se trata de Vallenar, Alto del Carmen, Freirina, Huasco, Diego de Almagro, Copiap\u00f3 y Tierra Amarilla, en la Regi\u00f3n de Atacama.<\/p>\n\n\n\n<p>La Oficina Nacional de Emergencia del Ministerio del Interior (<strong>Onemi<\/strong>) determin\u00f3 actualizar y ampliar la cobertura de la&nbsp;<strong>Alerta Temprana Preventiva para la provincia de Huasco (formada por&nbsp;Vallenar, Alto del Carmen, Freirina y Huasco) y las comunas de Diego de Almagro, Copiap\u00f3 y Tierra Amarilla, todas en la Regi\u00f3n de Atacama<\/strong>, por evento meteorol\u00f3gico, que se encuentra vigente desde el 4 de abril.<\/p>\n\n\n\n<p>Esto, luego que la Direcci\u00f3n Meteorol\u00f3gica pronosticara&nbsp;hasta este lunes \u00abel&nbsp;<strong>probable desarrollo de tormentas el\u00e9ctricas aisladas en los sectores de valle, precordillera y cordillera<\/strong>, principalmente del tramo sur de la Regi\u00f3n de Atacama\u00bb, explica el organismo estatal.<\/p>\n\n\n\n<p>La ocurrencia de este fen\u00f3meno, seg\u00fan Meteorolog\u00eda, tambi\u00e9n se extender\u00e1 hasta el tramo norte de la Regi\u00f3n de Coquimbo.<a href=\"https:\/\/twitter.com\/meteochile_dmc\/status\/1247043872255021060\"><\/a><\/p>\n\n\n\n<p>La Onemi detalla que \u00abla actualizaci\u00f3n de esta alerta, se constituye como un estado de reforzamiento de la vigilancia, mediante el monitoreo preciso y riguroso de las condiciones de riesgo y las respectivas vulnerabilidades asociadas a la amenaza, coordinando y activando al Sistema de Protecci\u00f3n Civil con el fin de actuar oportunamente frente a eventuales situaciones de emergencia\u00bb.<\/p>\n","protected":false},"excerpt":{"rendered":"<p>Se trata de Vallenar, Alto del Carmen, Freirina, Huasco, Diego de Almagro, Copiap\u00f3 y Tierra Amarilla, en la Regi\u00f3n de Atacama. La Oficina Nacional de&hellip; <\/p>\n","protected":false},"author":2,"featured_media":22869,"comment_status":"open","ping_status":"closed","sticky":false,"template":"","format":"standard","meta":{"footnotes":""},"categories":[5,7,3,4,1,2],"tags":[],"class_list":["post-22868","post","type-post","status-publish","format-standard","has-post-thumbnail","hentry","category-alto-del-carmen","category-atacama","category-freirina","category-huasco","category-provincia-del-huasco-2","category-vallenar"],"_links":{"self":[{"href":"https:\/\/www.radioamigavallenar.cl\/index.php?rest_route=\/wp\/v2\/posts\/22868","targetHints":{"allow":["GET"]}}],"collection":[{"href":"https:\/\/www.radioamigavallenar.cl\/index.php?rest_route=\/wp\/v2\/posts"}],"about":[{"href":"https:\/\/www.radioamigavallenar.cl\/index.php?rest_route=\/wp\/v2\/types\/post"}],"author":[{"embeddable":true,"href":"https:\/\/www.radioamigavallenar.cl\/index.php?rest_route=\/wp\/v2\/users\/2"}],"replies":[{"embeddable":true,"href":"https:\/\/www.radioamigavallenar.cl\/index.php?rest_route=%2Fwp%2Fv2%2Fcomments&post=22868"}],"version-history":[{"count":0,"href":"https:\/\/www.radioamigavallenar.cl\/index.php?rest_route=\/wp\/v2\/posts\/22868\/revisions"}],"wp:featuredmedia":[{"embeddable":true,"href":"https:\/\/www.radioamigavallenar.cl\/index.php?rest_route=\/wp\/v2\/media\/22869"}],"wp:attachment":[{"href":"https:\/\/www.radioamigavallenar.cl\/index.php?rest_route=%2Fwp%2Fv2%2Fmedia&parent=22868"}],"wp:term":[{"taxonomy":"category","embeddable":true,"href":"https:\/\/www.radioamigavallenar.cl\/index.php?rest_route=%2Fwp%2Fv2%2Fcategories&post=22868"},{"taxonomy":"post_tag","embeddable":true,"href":"https:\/\/www.radioamigavallenar.cl\/index.php?rest_route=%2Fwp%2Fv2%2Ftags&post=22868"}],"curies":[{"name":"wp","href":"https:\/\/api.w.org\/{rel}","templated":true}]}}