{"id":22865,"date":"2020-04-06T08:55:35","date_gmt":"2020-04-06T11:55:35","guid":{"rendered":"https:\/\/www.radioamigavallenar.cl\/?p=22865"},"modified":"2020-04-06T08:55:37","modified_gmt":"2020-04-06T11:55:37","slug":"enap-preve-caida-hasta-del-30-por-ciento-del-consumo-de-combustible-por-pandemia","status":"publish","type":"post","link":"https:\/\/www.radioamigavallenar.cl\/?p=22865","title":{"rendered":"ENAP prev\u00e9 ca\u00edda hasta del 30 por ciento del consumo de combustible por pandemia"},"content":{"rendered":"\n<div class=\"wp-block-image\"><figure class=\"aligncenter size-large\"><img loading=\"lazy\" decoding=\"async\" width=\"1024\" height=\"576\" src=\"https:\/\/www.radioamigavallenar.cl\/wp-content\/uploads\/2020\/04\/foto_0000001120200406064548-1024x576.jpg\" alt=\"\" class=\"wp-image-22866\" srcset=\"https:\/\/www.radioamigavallenar.cl\/wp-content\/uploads\/2020\/04\/foto_0000001120200406064548-1024x576.jpg 1024w, https:\/\/www.radioamigavallenar.cl\/wp-content\/uploads\/2020\/04\/foto_0000001120200406064548-300x169.jpg 300w, https:\/\/www.radioamigavallenar.cl\/wp-content\/uploads\/2020\/04\/foto_0000001120200406064548-768x432.jpg 768w, https:\/\/www.radioamigavallenar.cl\/wp-content\/uploads\/2020\/04\/foto_0000001120200406064548.jpg 1130w\" sizes=\"auto, (max-width: 1024px) 100vw, 1024px\" \/><\/figure><\/div>\n\n\n\n<p>La estatal anunci\u00f3 que revisar\u00e1 todos sus proyectos a la luz de la crisis por el Covid-19.<\/p>\n\n\n\n<p>\u00abNuestro rol estrat\u00e9gico es asegurar el suministro de combustible para Chile\u00bb, destac\u00f3 la presidenta del directorio, Loreto Silva.<\/p>\n\n\n\n<p>La Empresa Nacional del Petr\u00f3leo (ENAP) pronostica una<strong>\u00a0<\/strong>ca\u00edda de hasta el 30 por ciento en el consumo de combustibles\u00a0producto de la crisis por el Covid-19.<\/p>\n\n\n\n<p><strong>\u00abNosotros esperamos menores ventas y por lo mismo menores m\u00e1rgenes en nuestros resultados, por lo tanto ser\u00e1 un a\u00f1o mucho m\u00e1s exigente\u00bb<\/strong>, dijo la presidenta del directorio de la petrolera, Loreto Silva.<br><br>Si bien hay una demanda menor, principalmente por la reducci\u00f3n de consumo por parte de aerol\u00edneas, la ex ministra de Obras P\u00fablicas (2012-2014) destac\u00f3 que no planean una reducci\u00f3n de la capacidad de las plantas.\u00a0<\/p>\n\n\n\n<p><strong>\u00abNuestro rol estrat\u00e9gico es asegurar el suministro de combustible para Chile, y de cara a eso seguimos trabajando, refinando en Conc\u00f3n y Talcahuano, porque nuestro primer objetivo es abastecer a la comunidad\u00bb<\/strong>, indic\u00f3 la ejecutiva de la estatal.&nbsp;<\/p>\n\n\n\n<p>Pese a ello, Silva destac\u00f3 que&nbsp;\u00aba nivel global, se prev\u00e9 que el consumo de combustible baje en un 15 a 30 por ciento, a\u00fan no tenemos cifras de lo que est\u00e1 pasando, pero eso es lo que estamos previendo que se produzca como estimaci\u00f3n, porque todav\u00eda es muy dif\u00edcil vislumbrar el impacto de esta crisis\u00bb.&nbsp;<\/p>\n\n\n\n<p>En l\u00ednea con dichos pron\u00f3sticos, la directora de ENAP\u00a0sostuvo que \u00abproducto de esta crisis, que no s\u00f3lo tiene origen en el Covid-19 -considerando tambi\u00e9n la disputa entre Rusia y Arabia Saudita en el mercado-<strong>\u00a0sino que tambi\u00e9n en el mercado global del petr\u00f3leo, este a\u00f1o m\u00e1s que nunca tenemos que ser muy austeros y muy cuidadosos en cuanto a los proyectos que tengamos para invertir\u00bb.<\/strong><\/p>\n","protected":false},"excerpt":{"rendered":"<p>La estatal anunci\u00f3 que revisar\u00e1 todos sus proyectos a la luz de la crisis por el Covid-19. \u00abNuestro rol estrat\u00e9gico es asegurar el suministro de&hellip; <\/p>\n","protected":false},"author":2,"featured_media":22866,"comment_status":"open","ping_status":"closed","sticky":false,"template":"","format":"standard","meta":{"footnotes":""},"categories":[37],"tags":[],"class_list":["post-22865","post","type-post","status-publish","format-standard","has-post-thumbnail","hentry","category-nacional"],"_links":{"self":[{"href":"https:\/\/www.radioamigavallenar.cl\/index.php?rest_route=\/wp\/v2\/posts\/22865","targetHints":{"allow":["GET"]}}],"collection":[{"href":"https:\/\/www.radioamigavallenar.cl\/index.php?rest_route=\/wp\/v2\/posts"}],"about":[{"href":"https:\/\/www.radioamigavallenar.cl\/index.php?rest_route=\/wp\/v2\/types\/post"}],"author":[{"embeddable":true,"href":"https:\/\/www.radioamigavallenar.cl\/index.php?rest_route=\/wp\/v2\/users\/2"}],"replies":[{"embeddable":true,"href":"https:\/\/www.radioamigavallenar.cl\/index.php?rest_route=%2Fwp%2Fv2%2Fcomments&post=22865"}],"version-history":[{"count":0,"href":"https:\/\/www.radioamigavallenar.cl\/index.php?rest_route=\/wp\/v2\/posts\/22865\/revisions"}],"wp:featuredmedia":[{"embeddable":true,"href":"https:\/\/www.radioamigavallenar.cl\/index.php?rest_route=\/wp\/v2\/media\/22866"}],"wp:attachment":[{"href":"https:\/\/www.radioamigavallenar.cl\/index.php?rest_route=%2Fwp%2Fv2%2Fmedia&parent=22865"}],"wp:term":[{"taxonomy":"category","embeddable":true,"href":"https:\/\/www.radioamigavallenar.cl\/index.php?rest_route=%2Fwp%2Fv2%2Fcategories&post=22865"},{"taxonomy":"post_tag","embeddable":true,"href":"https:\/\/www.radioamigavallenar.cl\/index.php?rest_route=%2Fwp%2Fv2%2Ftags&post=22865"}],"curies":[{"name":"wp","href":"https:\/\/api.w.org\/{rel}","templated":true}]}}