{"id":22849,"date":"2020-04-06T00:00:00","date_gmt":"2020-04-06T03:00:00","guid":{"rendered":"https:\/\/www.radioamigavallenar.cl\/?p=22849"},"modified":"2020-04-05T21:50:21","modified_gmt":"2020-04-06T00:50:21","slug":"fiscalia-formalizo-a-tres-personas-por-incumplir-medidas-de-resguardo-sanitario","status":"publish","type":"post","link":"https:\/\/www.radioamigavallenar.cl\/?p=22849","title":{"rendered":"Fiscal\u00eda formaliz\u00f3 a tres personas por incumplir medidas de resguardo sanitario"},"content":{"rendered":"\n<div class=\"wp-block-image\"><figure class=\"aligncenter size-large\"><img loading=\"lazy\" decoding=\"async\" width=\"800\" height=\"533\" src=\"https:\/\/www.radioamigavallenar.cl\/wp-content\/uploads\/2020\/04\/IMG_7082-e1586113160930.jpg\" alt=\"\" class=\"wp-image-22850\" srcset=\"https:\/\/www.radioamigavallenar.cl\/wp-content\/uploads\/2020\/04\/IMG_7082-e1586113160930.jpg 800w, https:\/\/www.radioamigavallenar.cl\/wp-content\/uploads\/2020\/04\/IMG_7082-e1586113160930-300x200.jpg 300w, https:\/\/www.radioamigavallenar.cl\/wp-content\/uploads\/2020\/04\/IMG_7082-e1586113160930-768x512.jpg 768w\" sizes=\"auto, (max-width: 800px) 100vw, 800px\" \/><\/figure><\/div>\n\n\n\n<p>Fiscal Andrea D\u00edaz present\u00f3 los antecedentes en contra de dos hombres y una mujer que consum\u00edan alcohol en la v\u00eda p\u00fablica en horario de toque de queda.<\/p>\n\n\n\n<p>La Fiscal\u00eda de Atacama formaliz\u00f3 este domingo a tres personas adultas, quienes fueron detenidas por personal de Carabineros de la Subcomisar\u00eda de Pedro Le\u00f3n Gallo.<\/p>\n\n\n\n<p>De acuerdo a los antecedentes aportados por la fiscal adjunta Andrea D\u00edaz, en la audiencia respectiva, alrededor de las 23 horas personal policial realizaba patrullajes preventivos por la ciudad, instancia en que detectaron a tres personas adultas consumiendo bebidas alcoh\u00f3licas en una plazoleta que se ubica en el sector de calle Eleuterio Ram\u00edrez. No contando con las autorizaciones de circulaci\u00f3n necesarias para esa hora con ocasi\u00f3n del toque de queda vigente en el pa\u00eds.<\/p>\n\n\n\n<p>\u201cLa Fiscal\u00eda dispuso que estas personas fueran sometidas a la audiencia de control de la detenci\u00f3n y formalizaci\u00f3n de la investigaci\u00f3n respectiva, puesto que tal y como se ha informado por varios canales oficiales, la Fiscal\u00eda de Atacama ha insistido en el llamado a la comunidad a respetar las medidas de resguardo frente a la actual condici\u00f3n de salud del pa\u00eds y regi\u00f3n. Esto, porque incumplir el toque de queda pudiera poner en riesgo la salud p\u00fablica de la poblaci\u00f3n\u201d, dijo la fiscal.<\/p>\n\n\n\n<p>D\u00edaz agreg\u00f3 que han sido varias las personas formalizadas en la regi\u00f3n por esta causa, raz\u00f3n por la que insisti\u00f3 en la recomendaci\u00f3n a la comunidad para evite circular en horario de toque de queda a menos que se deba a cuestiones justificadas o bien contando con el salvoconducto necesario para ello.<\/p>\n\n\n\n<p>En la audiencia la Fiscal\u00eda formaliz\u00f3 la causa por infracci\u00f3n al art\u00edculo 318 del C\u00f3digo Penal,&nbsp; solicitando el arraigo de los detenidos, cautelar que asegura los fines del procedimiento en estos hechos.<\/p>\n","protected":false},"excerpt":{"rendered":"<p>Fiscal Andrea D\u00edaz present\u00f3 los antecedentes en contra de dos hombres y una mujer que consum\u00edan alcohol en la v\u00eda p\u00fablica en horario de toque&hellip; <\/p>\n","protected":false},"author":2,"featured_media":22850,"comment_status":"open","ping_status":"closed","sticky":false,"template":"","format":"standard","meta":{"footnotes":""},"categories":[7,6],"tags":[],"class_list":["post-22849","post","type-post","status-publish","format-standard","has-post-thumbnail","hentry","category-atacama","category-policial"],"_links":{"self":[{"href":"https:\/\/www.radioamigavallenar.cl\/index.php?rest_route=\/wp\/v2\/posts\/22849","targetHints":{"allow":["GET"]}}],"collection":[{"href":"https:\/\/www.radioamigavallenar.cl\/index.php?rest_route=\/wp\/v2\/posts"}],"about":[{"href":"https:\/\/www.radioamigavallenar.cl\/index.php?rest_route=\/wp\/v2\/types\/post"}],"author":[{"embeddable":true,"href":"https:\/\/www.radioamigavallenar.cl\/index.php?rest_route=\/wp\/v2\/users\/2"}],"replies":[{"embeddable":true,"href":"https:\/\/www.radioamigavallenar.cl\/index.php?rest_route=%2Fwp%2Fv2%2Fcomments&post=22849"}],"version-history":[{"count":0,"href":"https:\/\/www.radioamigavallenar.cl\/index.php?rest_route=\/wp\/v2\/posts\/22849\/revisions"}],"wp:featuredmedia":[{"embeddable":true,"href":"https:\/\/www.radioamigavallenar.cl\/index.php?rest_route=\/wp\/v2\/media\/22850"}],"wp:attachment":[{"href":"https:\/\/www.radioamigavallenar.cl\/index.php?rest_route=%2Fwp%2Fv2%2Fmedia&parent=22849"}],"wp:term":[{"taxonomy":"category","embeddable":true,"href":"https:\/\/www.radioamigavallenar.cl\/index.php?rest_route=%2Fwp%2Fv2%2Fcategories&post=22849"},{"taxonomy":"post_tag","embeddable":true,"href":"https:\/\/www.radioamigavallenar.cl\/index.php?rest_route=%2Fwp%2Fv2%2Ftags&post=22849"}],"curies":[{"name":"wp","href":"https:\/\/api.w.org\/{rel}","templated":true}]}}