{"id":22845,"date":"2020-04-04T11:22:22","date_gmt":"2020-04-04T14:22:22","guid":{"rendered":"https:\/\/www.radioamigavallenar.cl\/?p=22845"},"modified":"2020-04-04T11:22:23","modified_gmt":"2020-04-04T14:22:23","slug":"confusam-no-contamos-con-los-materiales-suficientes-para-protegernos","status":"publish","type":"post","link":"https:\/\/www.radioamigavallenar.cl\/?p=22845","title":{"rendered":"Confusam: No contamos con los materiales suficientes para protegernos"},"content":{"rendered":"\n<div class=\"wp-block-image\"><figure class=\"aligncenter size-large\"><img loading=\"lazy\" decoding=\"async\" width=\"800\" height=\"450\" src=\"https:\/\/www.radioamigavallenar.cl\/wp-content\/uploads\/2020\/04\/foto_0000000120200404091211-e1586005655775.jpg\" alt=\"\" class=\"wp-image-22846\" srcset=\"https:\/\/www.radioamigavallenar.cl\/wp-content\/uploads\/2020\/04\/foto_0000000120200404091211-e1586005655775.jpg 800w, https:\/\/www.radioamigavallenar.cl\/wp-content\/uploads\/2020\/04\/foto_0000000120200404091211-e1586005655775-300x169.jpg 300w, https:\/\/www.radioamigavallenar.cl\/wp-content\/uploads\/2020\/04\/foto_0000000120200404091211-e1586005655775-768x432.jpg 768w\" sizes=\"auto, (max-width: 800px) 100vw, 800px\" \/><\/figure><\/div>\n\n\n\n<p>Sobre las medidas tomadas por el Gobierno, desde la confederaci\u00f3n se\u00f1alaron que \u201cel discurso no es la realidad de lo que estamos viviendo\u201d.<\/p>\n\n\n\n<p>La presidenta de la Confederaci\u00f3n Nacional de Salud Municipal (Confusam),\u00a0Javiera Flores, asegur\u00f3 este s\u00e1bado\u00a0que los funcionarios de la salud\u00a0\u00abno cuentan con los materiales suficientes para protegerse\u00bb\u00a0del contagio del Covid-19, y que \u00abel discurso del Gobierno no es la realidad con lo que se est\u00e1 viviendo\u00bb.<\/p>\n\n\n\n<p>\u00abEstamos usando guantes y mascarillas quir\u00fargicas que usamos diariamente para nuestro trabajo diario, pero\u00a0los equipos que el Gobierno anunci\u00f3 que llegar\u00edan a la atenci\u00f3n primaria son muy escasos\u00a0y llegan solo a un equipo cl\u00ednico por el caso de una sospecha de alg\u00fan paciente contagiado\u00bb,\u00a0analiz\u00f3 Flores.<\/p>\n\n\n\n<p>\u00abEs un clamor de pa\u00eds que tenemos de los trabajadores y trabajadoras de\u00a0no contar con los materiales suficientes para protegernos\u00bb<\/p>\n\n\n\n<p>Adem\u00e1s, la l\u00edder de la Confusam asegur\u00f3 que<strong>\u00a0<\/strong>\u00abel discurso y lo que se dice no es la realidad de lo que estamos viviendo a lo largo de Chile\u00a0no solamente los trabajadores de la atenci\u00f3n primaria, sino que tambi\u00e9n el clamor de los funcionarios centralizados, la gente que atiende en hospitales\u00bb.<\/p>\n\n\n\n<p>Desde la confederaci\u00f3n informaron que hasta el \u00faltimo reporte -realizado a las 00:00 de este s\u00e1bado-\u00a0hay 135 funcionarios de la salud contagiados con coronavirus\u00a0y una de ellas se encuentra en estado grave en La Araucan\u00eda.<\/p>\n","protected":false},"excerpt":{"rendered":"<p>Sobre las medidas tomadas por el Gobierno, desde la confederaci\u00f3n se\u00f1alaron que \u201cel discurso no es la realidad de lo que estamos viviendo\u201d. La presidenta&hellip; <\/p>\n","protected":false},"author":2,"featured_media":22846,"comment_status":"open","ping_status":"closed","sticky":false,"template":"","format":"standard","meta":{"footnotes":""},"categories":[37],"tags":[],"class_list":["post-22845","post","type-post","status-publish","format-standard","has-post-thumbnail","hentry","category-nacional"],"_links":{"self":[{"href":"https:\/\/www.radioamigavallenar.cl\/index.php?rest_route=\/wp\/v2\/posts\/22845","targetHints":{"allow":["GET"]}}],"collection":[{"href":"https:\/\/www.radioamigavallenar.cl\/index.php?rest_route=\/wp\/v2\/posts"}],"about":[{"href":"https:\/\/www.radioamigavallenar.cl\/index.php?rest_route=\/wp\/v2\/types\/post"}],"author":[{"embeddable":true,"href":"https:\/\/www.radioamigavallenar.cl\/index.php?rest_route=\/wp\/v2\/users\/2"}],"replies":[{"embeddable":true,"href":"https:\/\/www.radioamigavallenar.cl\/index.php?rest_route=%2Fwp%2Fv2%2Fcomments&post=22845"}],"version-history":[{"count":0,"href":"https:\/\/www.radioamigavallenar.cl\/index.php?rest_route=\/wp\/v2\/posts\/22845\/revisions"}],"wp:featuredmedia":[{"embeddable":true,"href":"https:\/\/www.radioamigavallenar.cl\/index.php?rest_route=\/wp\/v2\/media\/22846"}],"wp:attachment":[{"href":"https:\/\/www.radioamigavallenar.cl\/index.php?rest_route=%2Fwp%2Fv2%2Fmedia&parent=22845"}],"wp:term":[{"taxonomy":"category","embeddable":true,"href":"https:\/\/www.radioamigavallenar.cl\/index.php?rest_route=%2Fwp%2Fv2%2Fcategories&post=22845"},{"taxonomy":"post_tag","embeddable":true,"href":"https:\/\/www.radioamigavallenar.cl\/index.php?rest_route=%2Fwp%2Fv2%2Ftags&post=22845"}],"curies":[{"name":"wp","href":"https:\/\/api.w.org\/{rel}","templated":true}]}}