{"id":22840,"date":"2020-04-04T00:40:33","date_gmt":"2020-04-04T03:40:33","guid":{"rendered":"https:\/\/www.radioamigavallenar.cl\/?p=22840"},"modified":"2020-04-04T00:40:33","modified_gmt":"2020-04-04T03:40:33","slug":"diputados-presentan-iniciativa-para-permitir-retiro-de-un-monto-mensual-de-los-fondos-previsionales","status":"publish","type":"post","link":"https:\/\/www.radioamigavallenar.cl\/?p=22840","title":{"rendered":"Diputados presentan iniciativa para permitir retiro de un monto mensual de los fondos previsionales"},"content":{"rendered":"\n<div class=\"wp-block-image\"><figure class=\"aligncenter size-large\"><img loading=\"lazy\" decoding=\"async\" width=\"560\" height=\"315\" src=\"https:\/\/www.radioamigavallenar.cl\/wp-content\/uploads\/2020\/04\/copia-de-diseo-sin-ttulo-1-1.png\" alt=\"\" class=\"wp-image-22842\" srcset=\"https:\/\/www.radioamigavallenar.cl\/wp-content\/uploads\/2020\/04\/copia-de-diseo-sin-ttulo-1-1.png 560w, https:\/\/www.radioamigavallenar.cl\/wp-content\/uploads\/2020\/04\/copia-de-diseo-sin-ttulo-1-1-300x169.png 300w\" sizes=\"auto, (max-width: 560px) 100vw, 560px\" \/><\/figure><\/div>\n\n\n\n<p>Un grupo de diputados de la Bancada Regionalista present\u00f3 este viernes un proyecto de ley que\u00a0busca permitir a los afiliados de las AFP retirar un monto mensual, de hasta un sueldo m\u00ednimo, de sus fondos previsionales, mientras dure la crisis sanitaria por Covid-19.<\/p>\n\n\n\n<p>Se trata de los Alejandra Sep\u00falveda (FRVS), Jaime Mulet (FRVS), Esteban Vel\u00e1squez (FRVS) y Ren\u00e9 Alinco (IND), quienes se encuentran impulsando la iniciativa con el fin de mitigar la actual crisis sanitaria.<\/p>\n\n\n\n<p>Seg\u00fan explic\u00f3 la jefa de Bancada, Alejandra Sep\u00falveda, \u201choy m\u00e1s que nunca los chilenos y chilenas necesitan dinero para poder enfrentar como corresponde esta crisis sanitaria, que tiene a gente perdiendo sus empleos, con bajas de sueldo, y que adem\u00e1s les pide quedarse en casa\u201d.<\/p>\n\n\n\n<p>En esa l\u00ednea, se\u00f1al\u00f3 que las personas hoy \u201cdeben tener los recursos para comprar lo necesario para vivir la cuarentena o lo que dure el aislamiento social, y\u00a0nos parece que una herramienta positiva y r\u00e1pida que tiene el Estado para inyectar liquidez\u00a0es precisamente a trav\u00e9s de permitir el retiro de una parte de los fondos previsionales que tienen ahorrados los trabajadores\u201d.<\/p>\n\n\n\n<p>\u201cSin embargo, para no caer en irresponsabilidades,\u00a0lo que proponemos es el retiro de una parte muy reducida de estos fondos para ayudar a miles de chilenos hoy, sin afectar los fondos previsionales en el futuro. Por lo que el retiro mensual podr\u00e1 ser de hasta un ingreso m\u00ednimo mensual y se podr\u00e1 efectuar hasta por 5 meses, beneficio que podr\u00eda ser prorrogado si la autoridad as\u00ed lo determina\u201d, indic\u00f3.<\/p>\n\n\n\n<h2 class=\"has-text-align-center wp-block-heading\">Requisitos:<\/h2>\n\n\n\n<p>El proyecto propone que para que sea el Estado el que se haga cargo de la crisis sanitaria y no los trabajadores ni sus recursos, los beneficiarios se dividir\u00e1n en dos grupos:<\/p>\n\n\n\n<p><strong>1.- Las personas cuyos ahorros muy probablemente no le alcanzar\u00e1n para financiar una pensi\u00f3n superior al aporte m\u00e1ximo con aporte solidario (hoy $488.469 para mayores de 80 a\u00f1os), a quienes el estado compensar\u00e1 a trav\u00e9s del Pilar Solidario al momento de jubilar.<\/strong><\/p>\n\n\n\n<p><strong>2.- Las personas que probablemente puedan financiar una pensi\u00f3n superior a la indicada, pero inferior a 25 UF (app 720 mil al d\u00eda de hoy), en cuyo caso, cumpliendo los dem\u00e1s requisitos, el Estado deber\u00e1 emitir un bono de reconocimiento hasta por el monto total del retiro, y que ser\u00e1 pagado en el momento de la jubilaci\u00f3n.<\/strong><\/p>\n\n\n\n<p>Finalmente, los parlamentarios dejan claro en el proyecto que ser\u00e1 en el tr\u00e1mite legislativo, donde deber\u00e1 evaluarse un tercer requisito, como sea el hecho que el afiliado no tenga otro ingreso adicional, por ejemplo a trav\u00e9s del seguro de cesant\u00eda individual u otro subsidio pagado con fondos p\u00fablicos.<\/p>\n","protected":false},"excerpt":{"rendered":"<p>Un grupo de diputados de la Bancada Regionalista present\u00f3 este viernes un proyecto de ley que\u00a0busca permitir a los afiliados de las AFP retirar un&hellip; <\/p>\n","protected":false},"author":2,"featured_media":22842,"comment_status":"open","ping_status":"closed","sticky":false,"template":"","format":"standard","meta":{"footnotes":""},"categories":[37],"tags":[],"class_list":["post-22840","post","type-post","status-publish","format-standard","has-post-thumbnail","hentry","category-nacional"],"_links":{"self":[{"href":"https:\/\/www.radioamigavallenar.cl\/index.php?rest_route=\/wp\/v2\/posts\/22840","targetHints":{"allow":["GET"]}}],"collection":[{"href":"https:\/\/www.radioamigavallenar.cl\/index.php?rest_route=\/wp\/v2\/posts"}],"about":[{"href":"https:\/\/www.radioamigavallenar.cl\/index.php?rest_route=\/wp\/v2\/types\/post"}],"author":[{"embeddable":true,"href":"https:\/\/www.radioamigavallenar.cl\/index.php?rest_route=\/wp\/v2\/users\/2"}],"replies":[{"embeddable":true,"href":"https:\/\/www.radioamigavallenar.cl\/index.php?rest_route=%2Fwp%2Fv2%2Fcomments&post=22840"}],"version-history":[{"count":0,"href":"https:\/\/www.radioamigavallenar.cl\/index.php?rest_route=\/wp\/v2\/posts\/22840\/revisions"}],"wp:featuredmedia":[{"embeddable":true,"href":"https:\/\/www.radioamigavallenar.cl\/index.php?rest_route=\/wp\/v2\/media\/22842"}],"wp:attachment":[{"href":"https:\/\/www.radioamigavallenar.cl\/index.php?rest_route=%2Fwp%2Fv2%2Fmedia&parent=22840"}],"wp:term":[{"taxonomy":"category","embeddable":true,"href":"https:\/\/www.radioamigavallenar.cl\/index.php?rest_route=%2Fwp%2Fv2%2Fcategories&post=22840"},{"taxonomy":"post_tag","embeddable":true,"href":"https:\/\/www.radioamigavallenar.cl\/index.php?rest_route=%2Fwp%2Fv2%2Ftags&post=22840"}],"curies":[{"name":"wp","href":"https:\/\/api.w.org\/{rel}","templated":true}]}}