{"id":22836,"date":"2020-04-04T00:38:10","date_gmt":"2020-04-04T03:38:10","guid":{"rendered":"https:\/\/www.radioamigavallenar.cl\/?p=22836"},"modified":"2020-04-04T00:38:11","modified_gmt":"2020-04-04T03:38:11","slug":"diputados-piden-al-gobierno-instruir-al-compin-el-pago-urgente-de-licencias-por-pandemia-de-covid-19","status":"publish","type":"post","link":"https:\/\/www.radioamigavallenar.cl\/?p=22836","title":{"rendered":"Diputados piden al Gobierno instruir al Compin el pago urgente de licencias por pandemia de Covid-19"},"content":{"rendered":"\n<div class=\"wp-block-image\"><figure class=\"aligncenter size-large\"><img loading=\"lazy\" decoding=\"async\" width=\"640\" height=\"400\" src=\"https:\/\/www.radioamigavallenar.cl\/wp-content\/uploads\/2020\/04\/compin-coronavirus-640x400-1.jpg\" alt=\"\" class=\"wp-image-22838\" srcset=\"https:\/\/www.radioamigavallenar.cl\/wp-content\/uploads\/2020\/04\/compin-coronavirus-640x400-1.jpg 640w, https:\/\/www.radioamigavallenar.cl\/wp-content\/uploads\/2020\/04\/compin-coronavirus-640x400-1-300x188.jpg 300w\" sizes=\"auto, (max-width: 640px) 100vw, 640px\" \/><\/figure><\/div>\n\n\n\n<p>Un proyecto de acuerdo present\u00f3 un grupo de diputados liderados por Sergio Bobadilla, pidiendo al Gobierno instruir al Compin para el pago urgente de las licencias m\u00e9dicas. Aunque no hay cifras, se espera que a ra\u00edz de la emergencia por el Covid-19 aumenten los permisos m\u00e9dicos.<\/p>\n\n\n\n<p>No s\u00f3lo personas que sean contagiadas con el coronavirus van a\u00a0activar el seguro de incapacidad laboral\u00a0a trav\u00e9s de sus m\u00e9dicos tratantes.<\/p>\n\n\n\n<p>Tambi\u00e9n hay trabajadores que como enfermos cr\u00f3nicos est\u00e1n en los grupos de riesgo en caso de contraer el Covid-19 y por eso est\u00e1n extendiendo licencias, como el caso de Solange, quien\u00a0se desempe\u00f1a en una tienda comercial.<\/p>\n\n\n\n<p>La vendedora entreg\u00f3 su testimonio y subray\u00f3 en la importancia de que en su caso el Fonasa\u00a0pueda cancelar el permiso m\u00e9dico hoy m\u00e1s que nunca, ante la necesidad del dinero.<audio preload=\"none\"><\/p>\n\n\n\n<p>En oportunidades anteriores, indic\u00f3 Solange, la licencia m\u00e9dica ha sido cancelada<strong>\u00a0<\/strong>mucho despu\u00e9s de regresar al trabajo, y por eso, considerando casos como ese, explic\u00f3 el diputado Sergio Bobadilla, es que junto a un grupo de legisladores presentaron un proyecto de acuerdo.<\/p>\n\n\n\n<p>La iniciativa, agreg\u00f3 el parlamentario de la UDI, busca que La Moneda impulse alguna medida que<strong>\u00a0<\/strong>entregue plazos perentorios a la Compin\u00a0para cancelar a las personas su dinero.<audio preload=\"none\"><\/p>\n\n\n\n<p>Las oficinas del Compin est\u00e1n generalmente con aglomeraciones importantes de personas, situaciones de riesgo hoy ante la amenazada del coronavirus, y por eso dijo el diputado Bobadilla, hoy se hace m\u00e1s necesario que nunca que\u00a0el organismo realice su trabajo de manera r\u00e1pida<strong>\u00a0<\/strong>y sin obligar a las personas a tener que desplazarse a las oficinas.<\/p>\n","protected":false},"excerpt":{"rendered":"<p>Un proyecto de acuerdo present\u00f3 un grupo de diputados liderados por Sergio Bobadilla, pidiendo al Gobierno instruir al Compin para el pago urgente de las&hellip; <\/p>\n","protected":false},"author":2,"featured_media":22838,"comment_status":"open","ping_status":"closed","sticky":false,"template":"","format":"standard","meta":{"footnotes":""},"categories":[37],"tags":[],"class_list":["post-22836","post","type-post","status-publish","format-standard","has-post-thumbnail","hentry","category-nacional"],"_links":{"self":[{"href":"https:\/\/www.radioamigavallenar.cl\/index.php?rest_route=\/wp\/v2\/posts\/22836","targetHints":{"allow":["GET"]}}],"collection":[{"href":"https:\/\/www.radioamigavallenar.cl\/index.php?rest_route=\/wp\/v2\/posts"}],"about":[{"href":"https:\/\/www.radioamigavallenar.cl\/index.php?rest_route=\/wp\/v2\/types\/post"}],"author":[{"embeddable":true,"href":"https:\/\/www.radioamigavallenar.cl\/index.php?rest_route=\/wp\/v2\/users\/2"}],"replies":[{"embeddable":true,"href":"https:\/\/www.radioamigavallenar.cl\/index.php?rest_route=%2Fwp%2Fv2%2Fcomments&post=22836"}],"version-history":[{"count":0,"href":"https:\/\/www.radioamigavallenar.cl\/index.php?rest_route=\/wp\/v2\/posts\/22836\/revisions"}],"wp:featuredmedia":[{"embeddable":true,"href":"https:\/\/www.radioamigavallenar.cl\/index.php?rest_route=\/wp\/v2\/media\/22838"}],"wp:attachment":[{"href":"https:\/\/www.radioamigavallenar.cl\/index.php?rest_route=%2Fwp%2Fv2%2Fmedia&parent=22836"}],"wp:term":[{"taxonomy":"category","embeddable":true,"href":"https:\/\/www.radioamigavallenar.cl\/index.php?rest_route=%2Fwp%2Fv2%2Fcategories&post=22836"},{"taxonomy":"post_tag","embeddable":true,"href":"https:\/\/www.radioamigavallenar.cl\/index.php?rest_route=%2Fwp%2Fv2%2Ftags&post=22836"}],"curies":[{"name":"wp","href":"https:\/\/api.w.org\/{rel}","templated":true}]}}