{"id":22831,"date":"2020-04-04T00:34:16","date_gmt":"2020-04-04T03:34:16","guid":{"rendered":"https:\/\/www.radioamigavallenar.cl\/?p=22831"},"modified":"2020-04-04T00:34:17","modified_gmt":"2020-04-04T03:34:17","slug":"el-consejo-regional-de-atacama-valora-electrificacion-en-zonas-rurales","status":"publish","type":"post","link":"https:\/\/www.radioamigavallenar.cl\/?p=22831","title":{"rendered":"El Consejo Regional de Atacama valora electrificaci\u00f3n en zonas rurales"},"content":{"rendered":"\n<div class=\"wp-block-image\"><figure class=\"aligncenter size-large\"><img loading=\"lazy\" decoding=\"async\" width=\"710\" height=\"1024\" src=\"https:\/\/www.radioamigavallenar.cl\/wp-content\/uploads\/2020\/04\/Foto-1-video-llamada-luz-zonas-rurales-03.04.2020-710x1024.png\" alt=\"\" class=\"wp-image-22832\" srcset=\"https:\/\/www.radioamigavallenar.cl\/wp-content\/uploads\/2020\/04\/Foto-1-video-llamada-luz-zonas-rurales-03.04.2020-710x1024.png 710w, https:\/\/www.radioamigavallenar.cl\/wp-content\/uploads\/2020\/04\/Foto-1-video-llamada-luz-zonas-rurales-03.04.2020-208x300.png 208w, https:\/\/www.radioamigavallenar.cl\/wp-content\/uploads\/2020\/04\/Foto-1-video-llamada-luz-zonas-rurales-03.04.2020.png 713w\" sizes=\"auto, (max-width: 710px) 100vw, 710px\" \/><\/figure><\/div>\n\n\n\n<p>Como una gran satisfacci\u00f3n por haberse concretado el tan anhelado proyecto de energ\u00eda el\u00e9ctrica para las localidades rurales de Totoral, Canto del Agua y Carrizal Bajo, se mostraron los Consejeros Regionales de Atacama, Fabiola P\u00e9rez, Fernando Ghiglino y Rebeca Torrej\u00f3n, tras participar este viernes de la conexi\u00f3n simb\u00f3lica mediante videoconferencia encabezada por el Intendente Patricio Urquieta y el Subsecretario de Energ\u00eda, Francisco L\u00f3pez.<\/p>\n\n\n\n<p>Tras complejos a\u00f1os de espera para las m\u00e1s de 300 familias de estas zonas rurales, de las provincias de Huasco y Copiap\u00f3, el contar desde hoy con energ\u00eda el\u00e9ctrica en sus casas es un sue\u00f1o cumplido.<\/p>\n\n\n\n<p>De acuerdo a esto, y en representaci\u00f3n del Consejo Regional de Atacama, la Presidenta de la Comisi\u00f3n Provincial de Huasco, Consejera Fabiola P\u00e9rez, expres\u00f3 que \u201cnos sentimos muy satisfechos todos los CORES de Atacama por fin haberse concretado este proyecto de electrificaci\u00f3n de las localidades de Totoral, Canto del Agua y Carrizal Bajo. Es un proyecto que respond\u00eda a una necesidad muy sentida de la comunidad al poder tener acceso no s\u00f3lo a la energ\u00eda el\u00e9ctrica, sino que, a trav\u00e9s de ella, al desarrollo. Fueron a\u00f1os muy complejos para poder concretar este proyecto, ante las dificultades que iban surgiendo en t\u00e9rminos de las servidumbres de paso y otras situaciones que imped\u00edan que este proyecto se materializara\u201d, explic\u00f3 la autoridad regional.<\/p>\n\n\n\n<p>El trabajo realizado por el Consejo Regional de Atacama fue sigiloso y comprometido con el mundo rural, con el objeto de poder ir acelerando los procesos que dificultaban la materializaci\u00f3n de esta iniciativa.<\/p>\n\n\n\n<p>Sobre esto, la Consejera Regional Fabiola P\u00e9rez, en representaci\u00f3n del CORE Atacama, enfatiz\u00f3 que \u201cquiero valorar como Consejo Regional el esfuerzo que se realiz\u00f3 por parte de los Consejeros de poner este tema en la mesa y darle prioridad. Este proyecto de electrificaci\u00f3n a las casas es un paso importante y creemos que no es el \u00fanico para avanzar. Ahora se nos presenta un nuevo desaf\u00edo que es proporcionar de alumbrado p\u00fablico a estas localidades. As\u00ed como este proyecto, tambi\u00e9n hemos dado prioridad a otros temas que tienen que ver con el mundo rural, como el agua potable, la problem\u00e1tica h\u00eddrica, los crianceros, los peque\u00f1os mineros que desarrollan su trabajo en territorios que son rurales. Desde esa perspectiva, el desaf\u00edo que se ha planteado el Consejo Regional ha sido dar valor al mundo rural de Atacama y, darnos cuenta que m\u00e1s all\u00e1 de esa Atacama minera industrial, tambi\u00e9n hay una Atacama que es diferente y diversa, que la otorgan las zonas rurales\u201d, expres\u00f3 la Consejera Fabiola P\u00e9rez.<\/p>\n\n\n\n<figure class=\"wp-block-audio\"><audio controls src=\"https:\/\/www.radioamigavallenar.cl\/wp-content\/uploads\/2020\/04\/Core-Fabiola-Perez-03.04.2020.mp3\"><\/audio><\/figure>\n\n\n\n<p>Respecto a la labor desarrollada por el CORE, el Presidente de la Junta de Vecinos de Carrizal Bajo, Hugo P\u00e9rez Urbina, se\u00f1al\u00f3 que, \u201cel rol que jugaron los Consejeros Regionales en este proceso fue de presionar al gobierno ya que estaba hace mucho tiempo estancado este proyecto de electrificaci\u00f3n y nadie nos daba respuesta sobre cu\u00e1ndo iba a ser la conexi\u00f3n definitiva y el inicio de la electrificaci\u00f3n de las casas. As\u00ed que fue necesario que ellos hicieran un poco de bulla para que este empezara a funcionar r\u00e1pido. En nuestro caso, somos 180 las familias beneficiadas y estamos muy contentos porque ha sido un proceso largo y anhelado por las comunidades, ahora vamos a poder tener nuestras cosas, mantenerlas refrigeradas y van a poder venir a vivir ac\u00e1 muchas personas que estaban impedidas de hacerlo por no tener luz el\u00e9ctrica\u201d, concluy\u00f3 finalmente el dirigente vecinal.<\/p>\n\n\n\n<figure class=\"wp-block-audio\"><audio controls src=\"https:\/\/www.radioamigavallenar.cl\/wp-content\/uploads\/2020\/04\/Dirigente-Hugo-Perez-de-Carrizal-Ba-jo-03.04.2020-.mp3\"><\/audio><\/figure>\n","protected":false},"excerpt":{"rendered":"<p>Como una gran satisfacci\u00f3n por haberse concretado el tan anhelado proyecto de energ\u00eda el\u00e9ctrica para las localidades rurales de Totoral, Canto del Agua y Carrizal&hellip; <\/p>\n","protected":false},"author":2,"featured_media":22832,"comment_status":"open","ping_status":"closed","sticky":false,"template":"","format":"standard","meta":{"footnotes":""},"categories":[7,1,2],"tags":[],"class_list":["post-22831","post","type-post","status-publish","format-standard","has-post-thumbnail","hentry","category-atacama","category-provincia-del-huasco-2","category-vallenar"],"_links":{"self":[{"href":"https:\/\/www.radioamigavallenar.cl\/index.php?rest_route=\/wp\/v2\/posts\/22831","targetHints":{"allow":["GET"]}}],"collection":[{"href":"https:\/\/www.radioamigavallenar.cl\/index.php?rest_route=\/wp\/v2\/posts"}],"about":[{"href":"https:\/\/www.radioamigavallenar.cl\/index.php?rest_route=\/wp\/v2\/types\/post"}],"author":[{"embeddable":true,"href":"https:\/\/www.radioamigavallenar.cl\/index.php?rest_route=\/wp\/v2\/users\/2"}],"replies":[{"embeddable":true,"href":"https:\/\/www.radioamigavallenar.cl\/index.php?rest_route=%2Fwp%2Fv2%2Fcomments&post=22831"}],"version-history":[{"count":0,"href":"https:\/\/www.radioamigavallenar.cl\/index.php?rest_route=\/wp\/v2\/posts\/22831\/revisions"}],"wp:featuredmedia":[{"embeddable":true,"href":"https:\/\/www.radioamigavallenar.cl\/index.php?rest_route=\/wp\/v2\/media\/22832"}],"wp:attachment":[{"href":"https:\/\/www.radioamigavallenar.cl\/index.php?rest_route=%2Fwp%2Fv2%2Fmedia&parent=22831"}],"wp:term":[{"taxonomy":"category","embeddable":true,"href":"https:\/\/www.radioamigavallenar.cl\/index.php?rest_route=%2Fwp%2Fv2%2Fcategories&post=22831"},{"taxonomy":"post_tag","embeddable":true,"href":"https:\/\/www.radioamigavallenar.cl\/index.php?rest_route=%2Fwp%2Fv2%2Ftags&post=22831"}],"curies":[{"name":"wp","href":"https:\/\/api.w.org\/{rel}","templated":true}]}}