{"id":22828,"date":"2020-04-04T00:28:42","date_gmt":"2020-04-04T03:28:42","guid":{"rendered":"https:\/\/www.radioamigavallenar.cl\/?p=22828"},"modified":"2020-04-04T00:28:43","modified_gmt":"2020-04-04T03:28:43","slug":"fiscalia-investiga-posible-intervencion-de-terceros-tras-hallazgo-de-hombre-sin-vida-en-vallenar","status":"publish","type":"post","link":"https:\/\/www.radioamigavallenar.cl\/?p=22828","title":{"rendered":"Fiscal\u00eda investiga posible intervenci\u00f3n de terceros tras hallazgo de hombre sin vida en Vallenar"},"content":{"rendered":"\n<div class=\"wp-block-image\"><figure class=\"aligncenter size-large\"><img loading=\"lazy\" decoding=\"async\" width=\"1024\" height=\"683\" src=\"https:\/\/www.radioamigavallenar.cl\/wp-content\/uploads\/2020\/04\/IMG_6540-1024x683-1.jpg\" alt=\"\" class=\"wp-image-22829\" srcset=\"https:\/\/www.radioamigavallenar.cl\/wp-content\/uploads\/2020\/04\/IMG_6540-1024x683-1.jpg 1024w, https:\/\/www.radioamigavallenar.cl\/wp-content\/uploads\/2020\/04\/IMG_6540-1024x683-1-300x200.jpg 300w, https:\/\/www.radioamigavallenar.cl\/wp-content\/uploads\/2020\/04\/IMG_6540-1024x683-1-768x512.jpg 768w\" sizes=\"auto, (max-width: 1024px) 100vw, 1024px\" \/><\/figure><\/div>\n\n\n\n<p><strong>Fiscal de turno en esta comuna, Roberto Robledo, orden\u00f3 el trabajo indagatorio de peritos de la Brigada de Homicidios de la PDI.<\/strong><\/p>\n\n\n\n<p>La Fiscal\u00eda de Atacama comenz\u00f3 a indagar la tarde de este viernes el fallecimiento de un hombre en Vallenar, quien fue encontrado sin vida en el interior de su domicilio.<\/p>\n\n\n\n<p>Seg\u00fan los antecedentes entregados por el fiscal de turno en esta ciudad, Roberto Robledo, en horas de la tarde personal de Carabineros de la Tercera Comisar\u00eda de esta comuna, le comunicaron respecto del hallazgo de un hombre adulto fallecido en su domicilio en el sector de Las Terrazas, comenzando en ese instante el trabajo de investigaci\u00f3n a cargo de la Fiscal\u00eda.<\/p>\n\n\n\n<p>\u201cDe acuerdo a los antecedentes preliminares un familiar del fallecido, un hombre de 75 a\u00f1os, fue quien realiz\u00f3 el hallazgo, comunicando de lo ocurrido a Carabineros. A partir de los primeros antecedentes que personal policial reuni\u00f3 en el lugar, la Fiscal\u00eda orden\u00f3 la concurrencia de peritos de la Brigada de Homicidios de la PDI para trabajar en el sitio del suceso\u201d, dijo el fiscal.<\/p>\n\n\n\n<p>Robledo agreg\u00f3 que los primeros indicios recabados en la vivienda, hablar\u00edan de la posible intervenci\u00f3n de terceras personas. Por ello, se realizar\u00e1n otras diligencias indagatorias con la finalidad reunir m\u00e1s antecedentes que lleven a confirmar o descartar esta hip\u00f3tesis.<\/p>\n\n\n\n<p>De forma paralela el fiscal Robledo solicit\u00f3 la presencia en el lugar del Servicio M\u00e9dico Legal para proceder con el levantamiento del cuerpo para la posterior autopsia de rigor, cuyo informe en relaci\u00f3n a la causa definitiva de muerte ser\u00e1 agregado a la carpeta investigativa de este caso.<\/p>\n","protected":false},"excerpt":{"rendered":"<p>Fiscal de turno en esta comuna, Roberto Robledo, orden\u00f3 el trabajo indagatorio de peritos de la Brigada de Homicidios de la PDI. La Fiscal\u00eda de&hellip; <\/p>\n","protected":false},"author":2,"featured_media":22829,"comment_status":"open","ping_status":"closed","sticky":false,"template":"","format":"standard","meta":{"footnotes":""},"categories":[6,1,2],"tags":[],"class_list":["post-22828","post","type-post","status-publish","format-standard","has-post-thumbnail","hentry","category-policial","category-provincia-del-huasco-2","category-vallenar"],"_links":{"self":[{"href":"https:\/\/www.radioamigavallenar.cl\/index.php?rest_route=\/wp\/v2\/posts\/22828","targetHints":{"allow":["GET"]}}],"collection":[{"href":"https:\/\/www.radioamigavallenar.cl\/index.php?rest_route=\/wp\/v2\/posts"}],"about":[{"href":"https:\/\/www.radioamigavallenar.cl\/index.php?rest_route=\/wp\/v2\/types\/post"}],"author":[{"embeddable":true,"href":"https:\/\/www.radioamigavallenar.cl\/index.php?rest_route=\/wp\/v2\/users\/2"}],"replies":[{"embeddable":true,"href":"https:\/\/www.radioamigavallenar.cl\/index.php?rest_route=%2Fwp%2Fv2%2Fcomments&post=22828"}],"version-history":[{"count":0,"href":"https:\/\/www.radioamigavallenar.cl\/index.php?rest_route=\/wp\/v2\/posts\/22828\/revisions"}],"wp:featuredmedia":[{"embeddable":true,"href":"https:\/\/www.radioamigavallenar.cl\/index.php?rest_route=\/wp\/v2\/media\/22829"}],"wp:attachment":[{"href":"https:\/\/www.radioamigavallenar.cl\/index.php?rest_route=%2Fwp%2Fv2%2Fmedia&parent=22828"}],"wp:term":[{"taxonomy":"category","embeddable":true,"href":"https:\/\/www.radioamigavallenar.cl\/index.php?rest_route=%2Fwp%2Fv2%2Fcategories&post=22828"},{"taxonomy":"post_tag","embeddable":true,"href":"https:\/\/www.radioamigavallenar.cl\/index.php?rest_route=%2Fwp%2Fv2%2Ftags&post=22828"}],"curies":[{"name":"wp","href":"https:\/\/api.w.org\/{rel}","templated":true}]}}