{"id":22825,"date":"2020-04-04T00:26:15","date_gmt":"2020-04-04T03:26:15","guid":{"rendered":"https:\/\/www.radioamigavallenar.cl\/?p=22825"},"modified":"2020-04-04T00:26:16","modified_gmt":"2020-04-04T03:26:16","slug":"suspenden-hoja-de-ruta-para-taxis-colectivos-de-copiapo-y-vallenar-para-reducir-riesgos-de-contagio-de-coronavirus","status":"publish","type":"post","link":"https:\/\/www.radioamigavallenar.cl\/?p=22825","title":{"rendered":"Suspenden hoja de ruta para taxis colectivos de Copiap\u00f3 y Vallenar para reducir riesgos de contagio de coronavirus"},"content":{"rendered":"\n<div class=\"wp-block-image\"><figure class=\"aligncenter size-large\"><img loading=\"lazy\" decoding=\"async\" width=\"750\" height=\"400\" src=\"https:\/\/www.radioamigavallenar.cl\/wp-content\/uploads\/2020\/04\/colectivos-en-copiapo.jpg\" alt=\"\" class=\"wp-image-22826\" srcset=\"https:\/\/www.radioamigavallenar.cl\/wp-content\/uploads\/2020\/04\/colectivos-en-copiapo.jpg 750w, https:\/\/www.radioamigavallenar.cl\/wp-content\/uploads\/2020\/04\/colectivos-en-copiapo-300x160.jpg 300w\" sizes=\"auto, (max-width: 750px) 100vw, 750px\" \/><\/figure><\/div>\n\n\n\n<p><strong>La medida busca evitar aglomeraciones en los terminales de las distintas l\u00edneas de estos servicios, dado que el documento se gestiona diariamente en dichos recintos.\u00a0Autoridad trabaja en la digitalizaci\u00f3n del tr\u00e1mite para mejorar su efectividad.<\/strong><\/p>\n\n\n\n<p>Como una medida destinada a evitar aglomeraciones y as\u00ed prevenir contagios por Covid-19, el Seremi de Transportes y Telecomunicaciones de Atacama, Vittorio Ghiglino, resolvi\u00f3 suspender el uso de la hoja de ruta por parte de los taxis colectivos de Copiap\u00f3 y Vallenar.<br><br>La obtenci\u00f3n de este documento, que permite controlar las condiciones de operaci\u00f3n de este tipo de veh\u00edculos, se realiza a diario y de forma manual en los terminales de las distintas l\u00edneas de colectivos. Por lo mismo, el tr\u00e1mite genera un contacto considerado riesgoso por la autoridad sanitaria. Debido a esto, la autoridad de Transportes trabaja en la digitalizaci\u00f3n del tr\u00e1mite, mediante la instalaci\u00f3n de huelleros digitales en los pr\u00f3ximos meses.<\/p>\n\n\n\n<p>\u201cAcogiendo las recomendaciones de la autoridad sanitaria, hemos resuelto derogar la hoja de ruta para cuidar la salud de los usuarios y tambi\u00e9n de los conductores de taxis colectivos, evitando todas aquellas situaciones que podr\u00edan favorecer los contagios como, por ejemplo, el uso de la hoja de ruta\u201d, explic\u00f3 el seremi Vittorio Ghiglino.<\/p>\n\n\n\n<p>Agreg\u00f3 que \u201ccon el fin de resguardar el rol fiscalizador de esta herramienta de control y contar con la certeza de que se est\u00e1n cumpliendo diariamente con los controles de higiene y verificaci\u00f3n del conductor, presentaremos un proyecto al Consejo Regional para que, de la mano de la tecnolog\u00eda, podamos garantizar un transporte seguro y de calidad\u201d.<\/p>\n\n\n\n<p>La hoja de ruta es un tr\u00e1mite que data del a\u00f1o 1995, que transfiere facultades fiscalizadoras a las diferentes l\u00edneas de colectivos, para verificar las condiciones en que inician su operaci\u00f3n los conductores con sus respectivos veh\u00edculos. Mediante la incorporaci\u00f3n de tecnolog\u00eda, la autoridad de Transportes buscar\u00e1 digitalizar este proceso -vigente en pocas ciudades del pa\u00eds, debido a que otras lo han modernizado- con el objetivo de reforzar la fiscalizaci\u00f3n de las condiciones t\u00e9cnicas de operaci\u00f3n de los veh\u00edculos.<\/p>\n","protected":false},"excerpt":{"rendered":"<p>La medida busca evitar aglomeraciones en los terminales de las distintas l\u00edneas de estos servicios, dado que el documento se gestiona diariamente en dichos recintos.\u00a0Autoridad&hellip; <\/p>\n","protected":false},"author":2,"featured_media":22826,"comment_status":"open","ping_status":"closed","sticky":false,"template":"","format":"standard","meta":{"footnotes":""},"categories":[7,1],"tags":[],"class_list":["post-22825","post","type-post","status-publish","format-standard","has-post-thumbnail","hentry","category-atacama","category-provincia-del-huasco-2"],"_links":{"self":[{"href":"https:\/\/www.radioamigavallenar.cl\/index.php?rest_route=\/wp\/v2\/posts\/22825","targetHints":{"allow":["GET"]}}],"collection":[{"href":"https:\/\/www.radioamigavallenar.cl\/index.php?rest_route=\/wp\/v2\/posts"}],"about":[{"href":"https:\/\/www.radioamigavallenar.cl\/index.php?rest_route=\/wp\/v2\/types\/post"}],"author":[{"embeddable":true,"href":"https:\/\/www.radioamigavallenar.cl\/index.php?rest_route=\/wp\/v2\/users\/2"}],"replies":[{"embeddable":true,"href":"https:\/\/www.radioamigavallenar.cl\/index.php?rest_route=%2Fwp%2Fv2%2Fcomments&post=22825"}],"version-history":[{"count":0,"href":"https:\/\/www.radioamigavallenar.cl\/index.php?rest_route=\/wp\/v2\/posts\/22825\/revisions"}],"wp:featuredmedia":[{"embeddable":true,"href":"https:\/\/www.radioamigavallenar.cl\/index.php?rest_route=\/wp\/v2\/media\/22826"}],"wp:attachment":[{"href":"https:\/\/www.radioamigavallenar.cl\/index.php?rest_route=%2Fwp%2Fv2%2Fmedia&parent=22825"}],"wp:term":[{"taxonomy":"category","embeddable":true,"href":"https:\/\/www.radioamigavallenar.cl\/index.php?rest_route=%2Fwp%2Fv2%2Fcategories&post=22825"},{"taxonomy":"post_tag","embeddable":true,"href":"https:\/\/www.radioamigavallenar.cl\/index.php?rest_route=%2Fwp%2Fv2%2Ftags&post=22825"}],"curies":[{"name":"wp","href":"https:\/\/api.w.org\/{rel}","templated":true}]}}