{"id":22822,"date":"2020-04-04T00:22:56","date_gmt":"2020-04-04T03:22:56","guid":{"rendered":"https:\/\/www.radioamigavallenar.cl\/?p=22822"},"modified":"2020-04-04T00:22:57","modified_gmt":"2020-04-04T03:22:57","slug":"concurso-de-suelos-degradados-adjudica-fondos-en-la-region-de-atacama","status":"publish","type":"post","link":"https:\/\/www.radioamigavallenar.cl\/?p=22822","title":{"rendered":"Concurso de suelos degradados adjudica fondos en la regi\u00f3n de Atacama"},"content":{"rendered":"\n<div class=\"wp-block-image\"><figure class=\"aligncenter size-large\"><img loading=\"lazy\" decoding=\"async\" width=\"800\" height=\"532\" src=\"https:\/\/www.radioamigavallenar.cl\/wp-content\/uploads\/2020\/04\/DSC_1454-e1585940645824.jpg\" alt=\"\" class=\"wp-image-22823\" srcset=\"https:\/\/www.radioamigavallenar.cl\/wp-content\/uploads\/2020\/04\/DSC_1454-e1585940645824.jpg 800w, https:\/\/www.radioamigavallenar.cl\/wp-content\/uploads\/2020\/04\/DSC_1454-e1585940645824-300x200.jpg 300w, https:\/\/www.radioamigavallenar.cl\/wp-content\/uploads\/2020\/04\/DSC_1454-e1585940645824-768x511.jpg 768w\" sizes=\"auto, (max-width: 800px) 100vw, 800px\" \/><\/figure><\/div>\n\n\n\n<h4 class=\"wp-block-heading\">Impulsado por el Servicio Agr\u00edcola y Ganadero beneficia a 33 agricultores\/as y mejora 487 hect\u00e1reas.<\/h4>\n\n\n\n<p>Un monto de m\u00e1s de 150 millones de pesos adjudic\u00f3 el SAG Atacama mediante el concurso de suelos degradados 2020, operaci\u00f3n temprana, aporte que beneficiar\u00e1 a 33 agricultores\/as de las provincias de Copiap\u00f3 y Huasco, en su mayor\u00eda dedicados al cultivo de frutales, hortalizas y producci\u00f3n de forraje.<\/p>\n\n\n\n<p>El apoyo cubrir\u00e1 en buena medida los gastos que los productores vienen haciendo en pr\u00e1cticas como aplicaci\u00f3n de guano no av\u00edcola, establecimiento de praderas de alfalfa, arado cincel, entre otras, mejorando las condiciones de un total 487 hect\u00e1reas en ambas provincias atacame\u00f1as.<\/p>\n\n\n\n<p>Por otra parte, el Servicio mantiene abierto hasta el 16 de abril el concurso de suelos por emergencia agr\u00edcola debido a los aluviones registrados este a\u00f1o, y que est\u00e1 dirigido a las comunas de Alto del Carmen y Tierra Amarilla.<\/p>\n\n\n\n<p>El certamen, adem\u00e1s de financiar las pr\u00e1cticas tradicionales que cubre, abarcar\u00e1 el retiro de lodos, habilitaci\u00f3n de suelos y pr\u00e1cticas especiales para enfrentar la sequ\u00eda, tales como abrevaderos, norias y vertientes de emergencia. Contempla un presupuesto cercano a los 50 millones de pesos.<\/p>\n\n\n\n<p>Cabe destacar, que a ra\u00edz de la contingencia por Covid-19 y como forma de prevenir los contagios, el Servicio est\u00e1 recibiendo la documentaci\u00f3n relativa a los concursos en forma electr\u00f3nica, la que debe hacerse llegar al correo&nbsp;contacto.atacama@sag.gob.cl<\/p>\n\n\n\n<p>En la regi\u00f3n y el pa\u00eds el SAG mantiene la ejecuci\u00f3n de sus tareas fito y zoosanitarias fundamentales, las que se consideran estrat\u00e9gicas para el mantenimiento de la actividad silvoagropecuaria nacional.<\/p>\n","protected":false},"excerpt":{"rendered":"<p>Impulsado por el Servicio Agr\u00edcola y Ganadero beneficia a 33 agricultores\/as y mejora 487 hect\u00e1reas. Un monto de m\u00e1s de 150 millones de pesos adjudic\u00f3&hellip; <\/p>\n","protected":false},"author":2,"featured_media":22823,"comment_status":"open","ping_status":"closed","sticky":false,"template":"","format":"standard","meta":{"footnotes":""},"categories":[7],"tags":[],"class_list":["post-22822","post","type-post","status-publish","format-standard","has-post-thumbnail","hentry","category-atacama"],"_links":{"self":[{"href":"https:\/\/www.radioamigavallenar.cl\/index.php?rest_route=\/wp\/v2\/posts\/22822","targetHints":{"allow":["GET"]}}],"collection":[{"href":"https:\/\/www.radioamigavallenar.cl\/index.php?rest_route=\/wp\/v2\/posts"}],"about":[{"href":"https:\/\/www.radioamigavallenar.cl\/index.php?rest_route=\/wp\/v2\/types\/post"}],"author":[{"embeddable":true,"href":"https:\/\/www.radioamigavallenar.cl\/index.php?rest_route=\/wp\/v2\/users\/2"}],"replies":[{"embeddable":true,"href":"https:\/\/www.radioamigavallenar.cl\/index.php?rest_route=%2Fwp%2Fv2%2Fcomments&post=22822"}],"version-history":[{"count":0,"href":"https:\/\/www.radioamigavallenar.cl\/index.php?rest_route=\/wp\/v2\/posts\/22822\/revisions"}],"wp:featuredmedia":[{"embeddable":true,"href":"https:\/\/www.radioamigavallenar.cl\/index.php?rest_route=\/wp\/v2\/media\/22823"}],"wp:attachment":[{"href":"https:\/\/www.radioamigavallenar.cl\/index.php?rest_route=%2Fwp%2Fv2%2Fmedia&parent=22822"}],"wp:term":[{"taxonomy":"category","embeddable":true,"href":"https:\/\/www.radioamigavallenar.cl\/index.php?rest_route=%2Fwp%2Fv2%2Fcategories&post=22822"},{"taxonomy":"post_tag","embeddable":true,"href":"https:\/\/www.radioamigavallenar.cl\/index.php?rest_route=%2Fwp%2Fv2%2Ftags&post=22822"}],"curies":[{"name":"wp","href":"https:\/\/api.w.org\/{rel}","templated":true}]}}