{"id":22819,"date":"2020-04-04T00:21:03","date_gmt":"2020-04-04T03:21:03","guid":{"rendered":"https:\/\/www.radioamigavallenar.cl\/?p=22819"},"modified":"2020-04-04T00:21:04","modified_gmt":"2020-04-04T03:21:04","slug":"promulgacion-ingreso-minimo-garantizado-beneficiara-a-mas-de-8-mil-trabajadores-en-atacama","status":"publish","type":"post","link":"https:\/\/www.radioamigavallenar.cl\/?p=22819","title":{"rendered":"Promulgaci\u00f3n Ingreso M\u00ednimo Garantizado beneficiar\u00e1 a m\u00e1s de 8 mil trabajadores en Atacama"},"content":{"rendered":"\n<div class=\"wp-block-image\"><figure class=\"aligncenter size-large\"><img loading=\"lazy\" decoding=\"async\" width=\"700\" height=\"525\" src=\"https:\/\/www.radioamigavallenar.cl\/wp-content\/uploads\/2020\/04\/WhatsApp-Image-2020-04-03-at-12.47.59-1-e1585941351201.jpeg\" alt=\"\" class=\"wp-image-22820\" srcset=\"https:\/\/www.radioamigavallenar.cl\/wp-content\/uploads\/2020\/04\/WhatsApp-Image-2020-04-03-at-12.47.59-1-e1585941351201.jpeg 700w, https:\/\/www.radioamigavallenar.cl\/wp-content\/uploads\/2020\/04\/WhatsApp-Image-2020-04-03-at-12.47.59-1-e1585941351201-300x225.jpeg 300w\" sizes=\"auto, (max-width: 700px) 100vw, 700px\" \/><\/figure><\/div>\n\n\n\n<p><strong>Se trata de una iniciativa central de la Nueva Agenda Social impulsada por el Gobierno y que busca que nadie en Chile tenga un ingreso de menos de $300.000 l\u00edquidos a fin de cada mes.<\/strong><\/p>\n\n\n\n<p>A partir del mes de mayo del presente a\u00f1o, cerca de 700 mil trabajadores a nivel nacional se ver\u00e1n beneficiados con la ley que crea un subsidio para alcanzar un Ingreso M\u00ednimo Garantizado (IMG), la cual fue promulgada por el Presidente de la Rep\u00fablica, Sebasti\u00e1n Pi\u00f1era, y que entregar\u00e1 $59.200 para quienes ganaban el salario m\u00ednimo vigente hasta el 29 de febrero de este a\u00f1o, de $301.000 brutos.<\/p>\n\n\n\n<p>Esta nueva ley permitir\u00e1 alcanzar un monto bruto de $360.200 y con ello un monto l\u00edquido de $300.000 a fin de mes. El monto del subsidio ir\u00e1 descendiendo gradualmente en la medida que aumenta el salario de los beneficiarios llegando hasta quienes ganen cerca de $384 mil brutos.<\/p>\n\n\n\n<p>Dado que, desde el 1 de marzo reci\u00e9n pasado, el monto del salario m\u00ednimo mensual para los trabajadores mayores de 18 a\u00f1os y de hasta de 65 a\u00f1os se reajust\u00f3, alcanzando $320.500 brutos, el monto del subsidio del IMG para el nuevo salario m\u00ednimo ser\u00e1 de $45.353, lo que permitir\u00e1 alcanzar un ingreso bruto de $365.853.<\/p>\n\n\n\n<p class=\"has-text-align-center\"><strong>Beneficiarios del IMG en Atacama<\/strong><\/p>\n\n\n\n<p>En el caso de la Regi\u00f3n de Atacama, el total de beneficiarios bordea los 8 mil 500 trabajadores, quienes, al igual que el resto de los favorecidos, deber\u00e1n ingresar a la plataforma web www.ingresominimo.cl para postular, llenar el formulario y esperar la confirmaci\u00f3n. Una vez obtenida la ratificaci\u00f3n, recibir\u00e1 el monto del subsidio que le corresponda.<\/p>\n\n\n\n<p>\u201cEs relevante explicar que el subsidio se calcula de acuerdo con las remuneraciones del tercer mes anterior, en el caso de quienes ganaban el sueldo m\u00ednimo en el mes de febrero, el primer pago del subsidio (durante mayo), tendr\u00e1 como base el salario de febrero de este a\u00f1o y ascender\u00e1 a 59 mil pesos. Los meses siguientes el IMG ser\u00e1 de $45.353 para quienes ganan el nuevo salario m\u00ednimo\u201d, aclar\u00f3 el seremi de Desarrollo Social y Familia, Luis Morales Vergara.<\/p>\n\n\n\n<p>En esta misma l\u00ednea, la autoridad encargada de la cartera de Desarrollo Social en Atacama, sostuvo que \u201cesto es un gran paso para todo el pa\u00eds y, a pesar que no sea una soluci\u00f3n absoluta para el momento econ\u00f3mico que vive nuestro pa\u00eds, si es una ayuda para quienes m\u00e1s lo necesitan. Es por ello, que el Presidente Pi\u00f1era nos ha encargado poder informarle a las personas de esta nuevo ingreso que tendr\u00e1n a partir de mayo, ya que es un ingreso directo a sus bolsillos\u201d.<\/p>\n\n\n\n<p>Por su parte, el seremi del Trabajo y Previsi\u00f3n Social, Carlos Leal Varas se\u00f1al\u00f3 \u201ceste es un subsidio que va en apoyo a los trabajadores con menos remuneraciones de nuestro pa\u00eds y, estamos seguros que ser\u00e1 de gran utilidad en estos meses que nos vemos afectados por el virus covid-19 a nivel mundial. Es un subsidio que beneficia a cerca de 700 mil trabajadores y trabajadoras de nuestro pa\u00eds y que sin lugar a duda toma mayor relevancia en la situaci\u00f3n que nos encontramos actualmente, es de suma relevancia para optar a esta ayuda contar con contrato de trabajo y con ingresos inferiores a 380 mil pesos brutos. Adem\u00e1s, cabe destacar que, este subsidio NO pasa por el empleador, va directamente al bolsillo del trabajador\u201d.<\/p>\n\n\n\n<p>Cabe indicar que, si un trabajador se acoge a alguna de las alternativas que entrega el pdl de protecci\u00f3n al empleo (suspensi\u00f3n de relaci\u00f3n laboral o reducci\u00f3n de jornada) no se perder\u00e1 la calidad de beneficiario del IMG en caso que lo haya sido, y recibir\u00e1 el subsidio que le correspond\u00eda sin haberse acogido a alguna de las alternativas.<\/p>\n","protected":false},"excerpt":{"rendered":"<p>Se trata de una iniciativa central de la Nueva Agenda Social impulsada por el Gobierno y que busca que nadie en Chile tenga un ingreso&hellip; <\/p>\n","protected":false},"author":2,"featured_media":22820,"comment_status":"open","ping_status":"closed","sticky":false,"template":"","format":"standard","meta":{"footnotes":""},"categories":[7],"tags":[],"class_list":["post-22819","post","type-post","status-publish","format-standard","has-post-thumbnail","hentry","category-atacama"],"_links":{"self":[{"href":"https:\/\/www.radioamigavallenar.cl\/index.php?rest_route=\/wp\/v2\/posts\/22819","targetHints":{"allow":["GET"]}}],"collection":[{"href":"https:\/\/www.radioamigavallenar.cl\/index.php?rest_route=\/wp\/v2\/posts"}],"about":[{"href":"https:\/\/www.radioamigavallenar.cl\/index.php?rest_route=\/wp\/v2\/types\/post"}],"author":[{"embeddable":true,"href":"https:\/\/www.radioamigavallenar.cl\/index.php?rest_route=\/wp\/v2\/users\/2"}],"replies":[{"embeddable":true,"href":"https:\/\/www.radioamigavallenar.cl\/index.php?rest_route=%2Fwp%2Fv2%2Fcomments&post=22819"}],"version-history":[{"count":0,"href":"https:\/\/www.radioamigavallenar.cl\/index.php?rest_route=\/wp\/v2\/posts\/22819\/revisions"}],"wp:featuredmedia":[{"embeddable":true,"href":"https:\/\/www.radioamigavallenar.cl\/index.php?rest_route=\/wp\/v2\/media\/22820"}],"wp:attachment":[{"href":"https:\/\/www.radioamigavallenar.cl\/index.php?rest_route=%2Fwp%2Fv2%2Fmedia&parent=22819"}],"wp:term":[{"taxonomy":"category","embeddable":true,"href":"https:\/\/www.radioamigavallenar.cl\/index.php?rest_route=%2Fwp%2Fv2%2Fcategories&post=22819"},{"taxonomy":"post_tag","embeddable":true,"href":"https:\/\/www.radioamigavallenar.cl\/index.php?rest_route=%2Fwp%2Fv2%2Ftags&post=22819"}],"curies":[{"name":"wp","href":"https:\/\/api.w.org\/{rel}","templated":true}]}}