{"id":22816,"date":"2020-04-04T00:17:00","date_gmt":"2020-04-04T03:17:00","guid":{"rendered":"https:\/\/www.radioamigavallenar.cl\/?p=22816"},"modified":"2020-04-04T00:19:33","modified_gmt":"2020-04-04T03:19:33","slug":"industriales-del-pan-desestimaron-alza-del-20-por-ciento-anunciada-para-abril","status":"publish","type":"post","link":"https:\/\/www.radioamigavallenar.cl\/?p=22816","title":{"rendered":"Industriales del pan desestimaron alza del 20 por ciento anunciada para abril"},"content":{"rendered":"\n<div class=\"wp-block-image\"><figure class=\"aligncenter size-large\"><img loading=\"lazy\" decoding=\"async\" width=\"800\" height=\"450\" src=\"https:\/\/www.radioamigavallenar.cl\/wp-content\/uploads\/2020\/04\/foto_0000001120200403135947-e1585937041274.jpg\" alt=\"\" class=\"wp-image-22817\" srcset=\"https:\/\/www.radioamigavallenar.cl\/wp-content\/uploads\/2020\/04\/foto_0000001120200403135947-e1585937041274.jpg 800w, https:\/\/www.radioamigavallenar.cl\/wp-content\/uploads\/2020\/04\/foto_0000001120200403135947-e1585937041274-300x169.jpg 300w, https:\/\/www.radioamigavallenar.cl\/wp-content\/uploads\/2020\/04\/foto_0000001120200403135947-e1585937041274-768x432.jpg 768w\" sizes=\"auto, (max-width: 800px) 100vw, 800px\" \/><\/figure><\/div>\n\n\n\n<p class=\"has-text-align-center\"><strong>Fechipan calific\u00f3 como \u00abaventurada\u00bb su primera estimaci\u00f3n.<\/strong><\/p>\n\n\n\n<p>Panaderos descartaron la\u00a0previamente anunciada alza de 20 por ciento en el precio del pan,\u00a0aunque no entregaron una cifra del porcentaje en que aumentar\u00e1 el valor de este alimento en los pr\u00f3ximos meses.<\/p>\n\n\n\n<p>Nelson Olivares, presidente de la Federaci\u00f3n Gremial Chilena de Industriales Panaderos (Fechipan) asegur\u00f3 que existe mayor tranquilidad en el rubro tras una serie de conversaciones con los molineros.<\/p>\n\n\n\n<p>\u00abCorresponde que cada industrial panadero tiene su estudio de costos y\u00a0cada cual estudiar\u00e1 la posibilidad, en estos minutos tan dif\u00edciles para el pa\u00eds, de subir lo menos posible, pero no hay una cifra\u00bb, dijo.<\/p>\n\n\n\n<p>Olivares plante\u00f3 que\u00a0el alza \u00abpuede haber sido aventurada en su minuto, pero en este minuto nosotros no podemos pronosticar cual va a ser el alza en el precio del pan, porque tambi\u00e9n es muy distinto el precio que tienen en el norte en Arica, lo que tienen en el sur en Puerto Montt y lo que existe en la zona central\u00bb.<\/p>\n\n\n\n<p>Desde el Ministerio de Agricultura,<strong>\u00a0<\/strong>Antonio Walker\u00a0precis\u00f3 que \u00abvamos a analizar la realidad de la zona centro del pa\u00eds y de la zona sur del pa\u00eds, porque es verdad que la cadena de costos es distinta\u00bb.<\/p>\n\n\n\n<p>\u00abM\u00e1s que decirles un reajuste del precio del pan, lo que les quiero decir es que<strong>\u00a0<\/strong>el precio del pan va a ser el justo precio que se merece el consumidor\u00a0dado la cadena de costos que tiene el pan\u00bb, indic\u00f3.<\/p>\n\n\n\n<p>Walker reiter\u00f3 que \u00abnosotros no podemos decir un n\u00famero, porque nosotros\u00a0no podemos predecir lo que va a ocurrir con el tipo de cambio, que es incidente en la importaci\u00f3n del grano, de la carne y del arroz\u00bb.<\/p>\n\n\n\n<p>El ministro asegur\u00f3 que\u00a0hay abastecimiento de pan, ya que existen 1,3 millones de toneladas de trigo nacional hasta septiembre\u00a0y un 20 por ciento de trigo internacional.<\/p>\n","protected":false},"excerpt":{"rendered":"<p>Fechipan calific\u00f3 como \u00abaventurada\u00bb su primera estimaci\u00f3n. Panaderos descartaron la\u00a0previamente anunciada alza de 20 por ciento en el precio del pan,\u00a0aunque no entregaron una cifra&hellip; <\/p>\n","protected":false},"author":2,"featured_media":22817,"comment_status":"open","ping_status":"closed","sticky":false,"template":"","format":"standard","meta":{"footnotes":""},"categories":[37],"tags":[],"class_list":["post-22816","post","type-post","status-publish","format-standard","has-post-thumbnail","hentry","category-nacional"],"_links":{"self":[{"href":"https:\/\/www.radioamigavallenar.cl\/index.php?rest_route=\/wp\/v2\/posts\/22816","targetHints":{"allow":["GET"]}}],"collection":[{"href":"https:\/\/www.radioamigavallenar.cl\/index.php?rest_route=\/wp\/v2\/posts"}],"about":[{"href":"https:\/\/www.radioamigavallenar.cl\/index.php?rest_route=\/wp\/v2\/types\/post"}],"author":[{"embeddable":true,"href":"https:\/\/www.radioamigavallenar.cl\/index.php?rest_route=\/wp\/v2\/users\/2"}],"replies":[{"embeddable":true,"href":"https:\/\/www.radioamigavallenar.cl\/index.php?rest_route=%2Fwp%2Fv2%2Fcomments&post=22816"}],"version-history":[{"count":0,"href":"https:\/\/www.radioamigavallenar.cl\/index.php?rest_route=\/wp\/v2\/posts\/22816\/revisions"}],"wp:featuredmedia":[{"embeddable":true,"href":"https:\/\/www.radioamigavallenar.cl\/index.php?rest_route=\/wp\/v2\/media\/22817"}],"wp:attachment":[{"href":"https:\/\/www.radioamigavallenar.cl\/index.php?rest_route=%2Fwp%2Fv2%2Fmedia&parent=22816"}],"wp:term":[{"taxonomy":"category","embeddable":true,"href":"https:\/\/www.radioamigavallenar.cl\/index.php?rest_route=%2Fwp%2Fv2%2Fcategories&post=22816"},{"taxonomy":"post_tag","embeddable":true,"href":"https:\/\/www.radioamigavallenar.cl\/index.php?rest_route=%2Fwp%2Fv2%2Ftags&post=22816"}],"curies":[{"name":"wp","href":"https:\/\/api.w.org\/{rel}","templated":true}]}}