{"id":22813,"date":"2020-04-04T00:00:00","date_gmt":"2020-04-04T03:00:00","guid":{"rendered":"https:\/\/www.radioamigavallenar.cl\/?p=22813"},"modified":"2020-04-03T23:49:24","modified_gmt":"2020-04-04T02:49:24","slug":"cochilco-rebaja-proyeccion-de-precio-del-cobre-a-us240-la-libra-para-2020","status":"publish","type":"post","link":"https:\/\/www.radioamigavallenar.cl\/?p=22813","title":{"rendered":"Cochilco rebaja proyecci\u00f3n de precio del cobre a US$2,40 la libra para 2020"},"content":{"rendered":"\n<div class=\"wp-block-image\"><figure class=\"aligncenter size-large\"><img loading=\"lazy\" decoding=\"async\" width=\"650\" height=\"433\" src=\"https:\/\/www.radioamigavallenar.cl\/wp-content\/uploads\/2020\/04\/codelco-agua-catodo.jpg\" alt=\"\" class=\"wp-image-22814\" srcset=\"https:\/\/www.radioamigavallenar.cl\/wp-content\/uploads\/2020\/04\/codelco-agua-catodo.jpg 650w, https:\/\/www.radioamigavallenar.cl\/wp-content\/uploads\/2020\/04\/codelco-agua-catodo-300x200.jpg 300w\" sizes=\"auto, (max-width: 650px) 100vw, 650px\" \/><\/figure><\/div>\n\n\n\n<p>Cochilco\u00a0dio a conocer las principales conclusiones del\u00a0Informe de Tendencias del Mercado Internacional del Cobre,\u00a0correspondiente al primer trimestre de 2020, que contiene las proyecciones de la Instituci\u00f3n sobre precio del cobre, demanda y oferta del metal para los a\u00f1os 2020 y 2021.<\/p>\n\n\n\n<p>La entidad inform\u00f3 que para este a\u00f1o ajust\u00f3 el\u00a0precio del cobre a US$2,40 la libra, lo que significa una\u00a0reducci\u00f3n de 45 centavos de d\u00f3lar la libra\u00a0respecto al pron\u00f3stico realizado en enero pasado. Mientras que para 2021 estima que el precio del metal promediar\u00e1 cerca de los\u00a0US$2,90 la libra, proyecci\u00f3n\u00a0inferior a los US$2,95 previstos a inicios de a\u00f1o.<\/p>\n\n\n\n<p>El ministro de Miner\u00eda,\u00a0Baldo Prokurica, se\u00f1al\u00f3 que \u201cdesde que se inici\u00f3 la crisis sanitaria a nivel mundial producto del Covid-19, el precio del cobre ha registrado un retroceso. En este escenario, Cochilco est\u00e1 proyectando un valor del metal rojo de US$2,40 la libra para este a\u00f1o, lo que se explica, principalmente, por los\u00a0efectos adversos que ha tenido este virus en las principales econom\u00edas desarrolladas, impacto que se observar\u00e1 en el segundo y tercer trimestre del a\u00f1o. Sin embargo, este\u00a0panorama podr\u00eda cambiar en los \u00faltimos tres meses del a\u00f1o\u00a0y para 2021 se presentar\u00eda un escenario de recuperaci\u00f3n tanto en la demanda como en el precio del cobre\u201d.<\/p>\n\n\n\n<p>En esa l\u00ednea, el director de Estudios y Pol\u00edticas P\u00fablicas,\u00a0Jorge Cantallopts,\u00a0explic\u00f3 que la pandemia mundial generar\u00e1 una\u00a0ca\u00edda de la demanda de cobre que ser\u00e1 superior a la disminuci\u00f3n de la oferta. \u201cLa cotizaci\u00f3n del metal rojo es vulnerable a nuevas ca\u00eddas dependiendo de la extensi\u00f3n temporal de la crisis viral y la profundidad de la ca\u00edda en el crecimiento global\u201d.<\/p>\n\n\n\n<p>A\u00f1adi\u00f3 que la nueva proyecci\u00f3n asume que, en lo que resta del a\u00f1o, el\u00a0precio del metal continuar\u00eda con un sesgo a la baja,\u00a0presionado por un\u00a0super\u00e1vit\u00a0de metal y un\u00a0creciente volumen de inventarios en bolsa de metales.<\/p>\n\n\n\n<p>En relaci\u00f3n al pron\u00f3stico de\u00a0precio del cobre para 2021, el director de Estudios y Pol\u00edticas P\u00fablicas se\u00f1al\u00f3 que se espera una mayor cotizaci\u00f3n ya que\u00a0se prev\u00e9 una recuperaci\u00f3n de la demanda del metal.<\/p>\n\n\n\n<h3 class=\"has-text-align-center wp-block-heading\"><strong>&nbsp;Demanda del metal<\/strong><\/h3>\n\n\n\n<p>Para este\u00a02020\u00a0se espera una\u00a0ca\u00edda de la demanda mundial de cobre de 1,7% respecto a 2019, equivalente a 417 mil toneladas. \u201cA excepci\u00f3n de la\u00a0India, que anotar\u00eda un alza en la demanda de cobre de 5%,\u00a0el resto de los diez principales consumidores de metal registrar\u00edan retrocesos, siendo los m\u00e1s relevantes China, Europa, Estados Unidos y Jap\u00f3n que en conjunto representan el 80% de la demanda mundial. China por s\u00ed sola explicar\u00eda el 60% de dicha ca\u00edda\u201d, explic\u00f3 Cantallopts.<\/p>\n\n\n\n<p>En tanto que para\u00a02021\u00a0se prev\u00e9 un\u00a0crecimiento de la demanda de cobre de 2,3%, impulsada principalmente por el gigante asi\u00e1tico, cuya demanda aumentar\u00eda 3,5%, esto es 440 mil toneladas m\u00e1s respecto de 2020.<\/p>\n\n\n\n<h3 class=\"has-text-align-center wp-block-heading\"><strong>Producci\u00f3n cupr\u00edfera<\/strong><\/h3>\n\n\n\n<p>En relaci\u00f3n a la\u00a0producci\u00f3n mundial de cobre\u00a0para este a\u00f1o, Cochilco prev\u00e9 una\u00a0disminuci\u00f3n de 1,2%, equivalente a 255 mil toneladas. \u201cEntre los diez principales productores, las\u00a0bajas m\u00e1s significativas provendr\u00edan de Per\u00fa, China y Australia. En el caso de Chile, no se espera un crecimiento de la producci\u00f3n\u201d, se\u00f1al\u00f3 el director de Estudios y Pol\u00edticas P\u00fablicas<\/p>\n\n\n\n<p>A\u00f1adi\u00f3 que esperando que una vez levantadas las restricciones asociadas al Covid-19 y\u00a0 las mejores expectativas de recuperaci\u00f3n del precio, la\u00a0producci\u00f3n de mina para 2021 crecer\u00eda 2,7%, que equivalen a 559 mil toneladas de nueva oferta.<\/p>\n\n\n\n<p>Dado este contexto, para el periodo\u00a02020-2021\u00a0se prev\u00e9 una condici\u00f3n de\u00a0ligero super\u00e1vit de cobre\u00a0en el mundo de 129 mil toneladas y 65 mil toneladas, respectivamente.<\/p>\n","protected":false},"excerpt":{"rendered":"<p>Cochilco\u00a0dio a conocer las principales conclusiones del\u00a0Informe de Tendencias del Mercado Internacional del Cobre,\u00a0correspondiente al primer trimestre de 2020, que contiene las proyecciones de la&hellip; <\/p>\n","protected":false},"author":2,"featured_media":22814,"comment_status":"open","ping_status":"closed","sticky":false,"template":"","format":"standard","meta":{"footnotes":""},"categories":[7,34],"tags":[],"class_list":["post-22813","post","type-post","status-publish","format-standard","has-post-thumbnail","hentry","category-atacama","category-mineria"],"_links":{"self":[{"href":"https:\/\/www.radioamigavallenar.cl\/index.php?rest_route=\/wp\/v2\/posts\/22813","targetHints":{"allow":["GET"]}}],"collection":[{"href":"https:\/\/www.radioamigavallenar.cl\/index.php?rest_route=\/wp\/v2\/posts"}],"about":[{"href":"https:\/\/www.radioamigavallenar.cl\/index.php?rest_route=\/wp\/v2\/types\/post"}],"author":[{"embeddable":true,"href":"https:\/\/www.radioamigavallenar.cl\/index.php?rest_route=\/wp\/v2\/users\/2"}],"replies":[{"embeddable":true,"href":"https:\/\/www.radioamigavallenar.cl\/index.php?rest_route=%2Fwp%2Fv2%2Fcomments&post=22813"}],"version-history":[{"count":0,"href":"https:\/\/www.radioamigavallenar.cl\/index.php?rest_route=\/wp\/v2\/posts\/22813\/revisions"}],"wp:featuredmedia":[{"embeddable":true,"href":"https:\/\/www.radioamigavallenar.cl\/index.php?rest_route=\/wp\/v2\/media\/22814"}],"wp:attachment":[{"href":"https:\/\/www.radioamigavallenar.cl\/index.php?rest_route=%2Fwp%2Fv2%2Fmedia&parent=22813"}],"wp:term":[{"taxonomy":"category","embeddable":true,"href":"https:\/\/www.radioamigavallenar.cl\/index.php?rest_route=%2Fwp%2Fv2%2Fcategories&post=22813"},{"taxonomy":"post_tag","embeddable":true,"href":"https:\/\/www.radioamigavallenar.cl\/index.php?rest_route=%2Fwp%2Fv2%2Ftags&post=22813"}],"curies":[{"name":"wp","href":"https:\/\/api.w.org\/{rel}","templated":true}]}}