{"id":22810,"date":"2020-04-04T00:00:00","date_gmt":"2020-04-04T03:00:00","guid":{"rendered":"https:\/\/www.radioamigavallenar.cl\/?p=22810"},"modified":"2020-04-03T23:46:43","modified_gmt":"2020-04-04T02:46:43","slug":"perdidas-de-enami-se-reducen-fuertemente-y-llegan-a-us21-millones-en-2019","status":"publish","type":"post","link":"https:\/\/www.radioamigavallenar.cl\/?p=22810","title":{"rendered":"P\u00e9rdidas de Enami se reducen fuertemente y llegan a US$21 millones en 2019"},"content":{"rendered":"\n<div class=\"wp-block-image\"><figure class=\"aligncenter size-large\"><img loading=\"lazy\" decoding=\"async\" width=\"600\" height=\"400\" src=\"https:\/\/www.radioamigavallenar.cl\/wp-content\/uploads\/2020\/04\/Enami-Salado177.jpg\" alt=\"\" class=\"wp-image-22811\" srcset=\"https:\/\/www.radioamigavallenar.cl\/wp-content\/uploads\/2020\/04\/Enami-Salado177.jpg 600w, https:\/\/www.radioamigavallenar.cl\/wp-content\/uploads\/2020\/04\/Enami-Salado177-300x200.jpg 300w\" sizes=\"auto, (max-width: 600px) 100vw, 600px\" \/><\/figure><\/div>\n\n\n\n<p>Un mejor desempe\u00f1o fue el que tuvo la Empresa Nacional de Miner\u00eda (Enami) durante el \u00faltimo ejercicio, en el que si bien continu\u00f3 reportando p\u00e9rdidas, estas se redujeron, pasando de US$68 millones en 2018, a US$21 millones el a\u00f1o pasado.<\/p>\n\n\n\n<p>Uno de los ejes que explica esta variaci\u00f3n es la mejor producci\u00f3n alcanzada por la estatal, que logr\u00f3 un total de 119 mil toneladas, lo que representa un incremento de 2,3 respecto de igual periodo del a\u00f1o 2018. En parte, esto se debe al traspaso de minerales desde planta Taltal a Salado, y al procesamiento de ripios, escorias y barridos en plantas.<\/p>\n","protected":false},"excerpt":{"rendered":"<p>Un mejor desempe\u00f1o fue el que tuvo la Empresa Nacional de Miner\u00eda (Enami) durante el \u00faltimo ejercicio, en el que si bien continu\u00f3 reportando p\u00e9rdidas,&hellip; <\/p>\n","protected":false},"author":2,"featured_media":22811,"comment_status":"open","ping_status":"closed","sticky":false,"template":"","format":"standard","meta":{"footnotes":""},"categories":[7,34],"tags":[],"class_list":["post-22810","post","type-post","status-publish","format-standard","has-post-thumbnail","hentry","category-atacama","category-mineria"],"_links":{"self":[{"href":"https:\/\/www.radioamigavallenar.cl\/index.php?rest_route=\/wp\/v2\/posts\/22810","targetHints":{"allow":["GET"]}}],"collection":[{"href":"https:\/\/www.radioamigavallenar.cl\/index.php?rest_route=\/wp\/v2\/posts"}],"about":[{"href":"https:\/\/www.radioamigavallenar.cl\/index.php?rest_route=\/wp\/v2\/types\/post"}],"author":[{"embeddable":true,"href":"https:\/\/www.radioamigavallenar.cl\/index.php?rest_route=\/wp\/v2\/users\/2"}],"replies":[{"embeddable":true,"href":"https:\/\/www.radioamigavallenar.cl\/index.php?rest_route=%2Fwp%2Fv2%2Fcomments&post=22810"}],"version-history":[{"count":0,"href":"https:\/\/www.radioamigavallenar.cl\/index.php?rest_route=\/wp\/v2\/posts\/22810\/revisions"}],"wp:featuredmedia":[{"embeddable":true,"href":"https:\/\/www.radioamigavallenar.cl\/index.php?rest_route=\/wp\/v2\/media\/22811"}],"wp:attachment":[{"href":"https:\/\/www.radioamigavallenar.cl\/index.php?rest_route=%2Fwp%2Fv2%2Fmedia&parent=22810"}],"wp:term":[{"taxonomy":"category","embeddable":true,"href":"https:\/\/www.radioamigavallenar.cl\/index.php?rest_route=%2Fwp%2Fv2%2Fcategories&post=22810"},{"taxonomy":"post_tag","embeddable":true,"href":"https:\/\/www.radioamigavallenar.cl\/index.php?rest_route=%2Fwp%2Fv2%2Ftags&post=22810"}],"curies":[{"name":"wp","href":"https:\/\/api.w.org\/{rel}","templated":true}]}}