{"id":22801,"date":"2020-04-03T12:46:55","date_gmt":"2020-04-03T15:46:55","guid":{"rendered":"https:\/\/www.radioamigavallenar.cl\/?p=22801"},"modified":"2020-04-03T12:46:56","modified_gmt":"2020-04-03T15:46:56","slug":"este-sabado-04-de-abril-se-deben-retrasar-los-relojes-en-una-hora","status":"publish","type":"post","link":"https:\/\/www.radioamigavallenar.cl\/?p=22801","title":{"rendered":"Este s\u00e1bado 04 de abril se deben retrasar los relojes en una hora"},"content":{"rendered":"\n<div class=\"wp-block-image\"><figure class=\"aligncenter size-large\"><img loading=\"lazy\" decoding=\"async\" width=\"800\" height=\"800\" src=\"https:\/\/www.radioamigavallenar.cl\/wp-content\/uploads\/2020\/04\/Cambio-de-hora-Abril-2020-e1585919659839.jpeg\" alt=\"\" class=\"wp-image-22802\" srcset=\"https:\/\/www.radioamigavallenar.cl\/wp-content\/uploads\/2020\/04\/Cambio-de-hora-Abril-2020-e1585919659839.jpeg 800w, https:\/\/www.radioamigavallenar.cl\/wp-content\/uploads\/2020\/04\/Cambio-de-hora-Abril-2020-e1585919659839-300x300.jpeg 300w, https:\/\/www.radioamigavallenar.cl\/wp-content\/uploads\/2020\/04\/Cambio-de-hora-Abril-2020-e1585919659839-150x150.jpeg 150w, https:\/\/www.radioamigavallenar.cl\/wp-content\/uploads\/2020\/04\/Cambio-de-hora-Abril-2020-e1585919659839-768x768.jpeg 768w\" sizes=\"auto, (max-width: 800px) 100vw, 800px\" \/><\/figure><\/div>\n\n\n\n<p><strong>Con la entrada en vigencia del horario de invierno, se reduce&nbsp; pr\u00e1cticamente a cero los d\u00edas en que el sol saldr\u00e1 despu\u00e9s de las 8 de la ma\u00f1ana entre las regiones de Arica y el Maule<\/strong><\/p>\n\n\n\n<p>Este s\u00e1bado 04 de abril a partir de las 00 horas los habitantes de Atacama y de todo el territorio nacional -a excepci\u00f3n de Magallanes y la Ant\u00e1rtica chilena- deber\u00e1n atrasar sus relojes en una hora, dando inicio as\u00ed al horario de invierno (UTC -4), que durar\u00e1 cinco meses, es decir, hasta el primer s\u00e1bado de septiembre 2020.<\/p>\n\n\n\n<p>Con la entrada en vigencia del horario de invierno, se reduce&nbsp; pr\u00e1cticamente a cero los d\u00edas en que el sol saldr\u00e1 despu\u00e9s de las 8 de la ma\u00f1ana entre las regiones de Arica y el Maule; bajando tambi\u00e9n en aproximadamente 56 los d\u00edas en que amanece despu\u00e9s de dicho horario en las localidades de las regiones de Biob\u00edo a Ays\u00e9n.<\/p>\n\n\n\n<p>De hecho, \u201cseg\u00fan proyecciones de nuestro Ministerio, en ciudades como Copiap\u00f3, durante los meses en que se implemente el llamado horario de invierno, amanecer\u00e1 en promedio a las 07:54 horas\u201d, coment\u00f3 la seremi, Kim-Fa Bondi Hafon.<\/p>\n\n\n\n<p>Cabe destacar que, la evidencia cient\u00edfica ha demostrado que iniciar las actividades diarias sin luz natural tiene un efecto negativo sobre la salud, la concentraci\u00f3n y el desempe\u00f1o de las personas, especialmente en ni\u00f1os y adolescentes, quienes por su ciclo biol\u00f3gico de crecimiento despiertan naturalmente m\u00e1s tarde que los adultos, y requieren de luz natural para un mejor aprendizaje.<\/p>\n\n\n\n<p>El r\u00e9gimen actual de cinco meses de invierno (entre el primer s\u00e1bado de abril y el primer s\u00e1bado de septiembre), y de siete meses de verano \u2013el resto del a\u00f1o- fue establecido durante 2018 despu\u00e9s de recabar antecedentes sobre las variables energ\u00e9ticas, de salud y bienestar, educaci\u00f3n, seguridad y transportes y agr\u00edcola.<\/p>\n\n\n\n<p>El horario de invierno aplicar\u00e1 para todo Chile con la excepci\u00f3n de la Regi\u00f3n de Magallanes y la Ant\u00e1rtica Chilena, que mantendr\u00e1 el r\u00e9gimen de los \u00faltimos a\u00f1os con el horario de verano durante todo el a\u00f1o, tal como lo decidi\u00f3 la ciudadan\u00eda en 2017.<\/p>\n\n\n\n<p>Finalmente, la seremi llam\u00f3 a estar atentos al ajuste horario, tanto en los relojes an\u00e1logos como en todos los aparatos tecnol\u00f3gicos.<\/p>\n","protected":false},"excerpt":{"rendered":"<p>Con la entrada en vigencia del horario de invierno, se reduce&nbsp; pr\u00e1cticamente a cero los d\u00edas en que el sol saldr\u00e1 despu\u00e9s de las 8&hellip; <\/p>\n","protected":false},"author":2,"featured_media":22802,"comment_status":"open","ping_status":"closed","sticky":false,"template":"","format":"standard","meta":{"footnotes":""},"categories":[7],"tags":[],"class_list":["post-22801","post","type-post","status-publish","format-standard","has-post-thumbnail","hentry","category-atacama"],"_links":{"self":[{"href":"https:\/\/www.radioamigavallenar.cl\/index.php?rest_route=\/wp\/v2\/posts\/22801","targetHints":{"allow":["GET"]}}],"collection":[{"href":"https:\/\/www.radioamigavallenar.cl\/index.php?rest_route=\/wp\/v2\/posts"}],"about":[{"href":"https:\/\/www.radioamigavallenar.cl\/index.php?rest_route=\/wp\/v2\/types\/post"}],"author":[{"embeddable":true,"href":"https:\/\/www.radioamigavallenar.cl\/index.php?rest_route=\/wp\/v2\/users\/2"}],"replies":[{"embeddable":true,"href":"https:\/\/www.radioamigavallenar.cl\/index.php?rest_route=%2Fwp%2Fv2%2Fcomments&post=22801"}],"version-history":[{"count":0,"href":"https:\/\/www.radioamigavallenar.cl\/index.php?rest_route=\/wp\/v2\/posts\/22801\/revisions"}],"wp:featuredmedia":[{"embeddable":true,"href":"https:\/\/www.radioamigavallenar.cl\/index.php?rest_route=\/wp\/v2\/media\/22802"}],"wp:attachment":[{"href":"https:\/\/www.radioamigavallenar.cl\/index.php?rest_route=%2Fwp%2Fv2%2Fmedia&parent=22801"}],"wp:term":[{"taxonomy":"category","embeddable":true,"href":"https:\/\/www.radioamigavallenar.cl\/index.php?rest_route=%2Fwp%2Fv2%2Fcategories&post=22801"},{"taxonomy":"post_tag","embeddable":true,"href":"https:\/\/www.radioamigavallenar.cl\/index.php?rest_route=%2Fwp%2Fv2%2Ftags&post=22801"}],"curies":[{"name":"wp","href":"https:\/\/api.w.org\/{rel}","templated":true}]}}