{"id":22798,"date":"2020-04-03T12:45:21","date_gmt":"2020-04-03T15:45:21","guid":{"rendered":"https:\/\/www.radioamigavallenar.cl\/?p=22798"},"modified":"2020-04-03T12:45:22","modified_gmt":"2020-04-03T15:45:22","slug":"diputado-mulet-exige-al-presidente-pinera-formar-mesas-regionales-para-enfrentar-el-coronavirus","status":"publish","type":"post","link":"https:\/\/www.radioamigavallenar.cl\/?p=22798","title":{"rendered":"Diputado Mulet exige al Presidente Pi\u00f1era formar mesas regionales para enfrentar el Coronavirus"},"content":{"rendered":"\n<div class=\"wp-block-image\"><figure class=\"aligncenter size-large\"><img loading=\"lazy\" decoding=\"async\" width=\"800\" height=\"533\" src=\"https:\/\/www.radioamigavallenar.cl\/wp-content\/uploads\/2020\/04\/MULET-3028-e1585923029173.jpg\" alt=\"\" class=\"wp-image-22799\" srcset=\"https:\/\/www.radioamigavallenar.cl\/wp-content\/uploads\/2020\/04\/MULET-3028-e1585923029173.jpg 800w, https:\/\/www.radioamigavallenar.cl\/wp-content\/uploads\/2020\/04\/MULET-3028-e1585923029173-300x200.jpg 300w, https:\/\/www.radioamigavallenar.cl\/wp-content\/uploads\/2020\/04\/MULET-3028-e1585923029173-768x512.jpg 768w\" sizes=\"auto, (max-width: 800px) 100vw, 800px\" \/><\/figure><\/div>\n\n\n\n<p>El diputado y presidente de la Federaci\u00f3n Regionalista Verde Social, Jaime Mulet,\u00a0llam\u00f3 al Presidente de la Rep\u00fablica a que se formen mesas regionales para enfrentar el Coronavirus, como una forma de enfrentar m\u00e1s focaliza y r\u00e1pidamente las distintas realidades que se viven a lo largo del pa\u00eds, \u201cy donde actualmente impera la descoordinaci\u00f3n\u201d, se\u00f1al\u00f3.<\/p>\n\n\n\n<p>Al respecto, el parlamentario indic\u00f3 que \u201choy d\u00eda no se ha replicado en las regiones una mesa como la llamada mesa social que se hizo a nivel nacional, por lo que la descoordinaci\u00f3n impera en nuestros territorios. Por una parte anda el Intendente con el aparato de Gobierno; por otra parte anda el sector privado, donde hay sector privado en el \u00e1rea de salud; por otra parte andan los alcaldes, no obstante ser responsables directos de atenci\u00f3n de la salud primaria y tener una intervenci\u00f3n directa en materia de salud y de todas las otras implementaciones de medidas sanitarias o de prevenci\u00f3n. Y lamentablemente, no est\u00e1n los colegios profesionales del \u00e1rea de la medicina, ni las federaciones de los trabajadores\u201d.<\/p>\n\n\n\n<p><strong>\u201cDe manera que es fundamental que se armen estas mesas sociales regionales que deben ser encabezadas por el Intendente, pero donde se establezca un m\u00ednimo de coordinaci\u00f3n con el \u00e1rea de salud privada, el \u00e1rea de salud p\u00fablica, los alcaldes, los colegios profesionales del \u00e1rea de la salud y tambi\u00e9n los trabajadores que laboran en la salud. Por eso hacemos este llamado al Presidente de la Rep\u00fablica para que de la instrucci\u00f3n de instalar estas mesas regionales, es fundamental y urgente que esto se haga\u201d,<\/strong>&nbsp;concluy\u00f3.<\/p>\n","protected":false},"excerpt":{"rendered":"<p>El diputado y presidente de la Federaci\u00f3n Regionalista Verde Social, Jaime Mulet,\u00a0llam\u00f3 al Presidente de la Rep\u00fablica a que se formen mesas regionales para enfrentar&hellip; <\/p>\n","protected":false},"author":2,"featured_media":22799,"comment_status":"open","ping_status":"closed","sticky":false,"template":"","format":"standard","meta":{"footnotes":""},"categories":[7,37],"tags":[],"class_list":["post-22798","post","type-post","status-publish","format-standard","has-post-thumbnail","hentry","category-atacama","category-nacional"],"_links":{"self":[{"href":"https:\/\/www.radioamigavallenar.cl\/index.php?rest_route=\/wp\/v2\/posts\/22798","targetHints":{"allow":["GET"]}}],"collection":[{"href":"https:\/\/www.radioamigavallenar.cl\/index.php?rest_route=\/wp\/v2\/posts"}],"about":[{"href":"https:\/\/www.radioamigavallenar.cl\/index.php?rest_route=\/wp\/v2\/types\/post"}],"author":[{"embeddable":true,"href":"https:\/\/www.radioamigavallenar.cl\/index.php?rest_route=\/wp\/v2\/users\/2"}],"replies":[{"embeddable":true,"href":"https:\/\/www.radioamigavallenar.cl\/index.php?rest_route=%2Fwp%2Fv2%2Fcomments&post=22798"}],"version-history":[{"count":0,"href":"https:\/\/www.radioamigavallenar.cl\/index.php?rest_route=\/wp\/v2\/posts\/22798\/revisions"}],"wp:featuredmedia":[{"embeddable":true,"href":"https:\/\/www.radioamigavallenar.cl\/index.php?rest_route=\/wp\/v2\/media\/22799"}],"wp:attachment":[{"href":"https:\/\/www.radioamigavallenar.cl\/index.php?rest_route=%2Fwp%2Fv2%2Fmedia&parent=22798"}],"wp:term":[{"taxonomy":"category","embeddable":true,"href":"https:\/\/www.radioamigavallenar.cl\/index.php?rest_route=%2Fwp%2Fv2%2Fcategories&post=22798"},{"taxonomy":"post_tag","embeddable":true,"href":"https:\/\/www.radioamigavallenar.cl\/index.php?rest_route=%2Fwp%2Fv2%2Ftags&post=22798"}],"curies":[{"name":"wp","href":"https:\/\/api.w.org\/{rel}","templated":true}]}}