{"id":2279,"date":"2016-09-12T12:57:33","date_gmt":"2016-09-12T15:57:33","guid":{"rendered":"http:\/\/www.radioamigavallenar.cl\/?p=2279"},"modified":"2016-09-12T12:57:33","modified_gmt":"2016-09-12T15:57:33","slug":"mi-pequeno-mundo-de-la-junji-encabezo-segundo-encuentro-de-jardines-infantiles-rurales-en-vallenar","status":"publish","type":"post","link":"https:\/\/www.radioamigavallenar.cl\/?p=2279","title":{"rendered":"\u201cMi Peque\u00f1o Mundo\u201d de la JUNJI encabez\u00f3 \u201cSegundo Encuentro de Jardines Infantiles Rurales\u201d  en Vallenar"},"content":{"rendered":"<p style=\"text-align: justify;\"><a href=\"http:\/\/www.radioamigavallenar.cl\/wp-content\/uploads\/2016\/09\/Encuentro-JUNJI-Vallenar.jpg\"><img loading=\"lazy\" decoding=\"async\" class=\" size-medium wp-image-2280 aligncenter\" src=\"http:\/\/www.radioamigavallenar.cl\/wp-content\/uploads\/2016\/09\/Encuentro-JUNJI-Vallenar-300x225.jpg\" alt=\"encuentro-junji-vallenar\" width=\"300\" height=\"225\" srcset=\"https:\/\/www.radioamigavallenar.cl\/wp-content\/uploads\/2016\/09\/Encuentro-JUNJI-Vallenar-300x225.jpg 300w, https:\/\/www.radioamigavallenar.cl\/wp-content\/uploads\/2016\/09\/Encuentro-JUNJI-Vallenar.jpg 700w\" sizes=\"auto, (max-width: 300px) 100vw, 300px\" \/><\/a><\/p>\n<p style=\"text-align: justify;\">En el marco de la finalizaci\u00f3n del\u00a0 mes del ni\u00f1o y la ni\u00f1a, el jard\u00edn infantil \u201cMi Peque\u00f1o Mundo\u201d junto a los jardines rurales \u201cIncahuasi\u201d\u00a0 y \u201cCachiyuyo\u201d realizaron por segundo\u00a0 a\u00f1o consecutivo \u201cEl Encuentro de Jardines Rurales\u201d en la localidad de Domeyko,\u00a0 donde tambi\u00e9n la comunidad particip\u00f3 activamente.<\/p>\n<p style=\"text-align: justify;\">La actividad tuvo como objetivo el intercambio de experiencias educativas y culturales entre los jardines rurales de la comuna de Vallenar.<\/p>\n<p style=\"text-align: justify;\">Dentro de la celebraci\u00f3n cada unidad educativa present\u00f3 su saludo y luego disfrutaron de un medley de canciones tradicionales\u00a0 infantiles y luego un espect\u00e1culo preparado por apoderados del Jard\u00edn \u201cMi Peque\u00f1o Mundo\u201d y una representaci\u00f3n de \u201cNegrito Zambo\u201d.<\/p>\n<p style=\"text-align: justify;\">La directora regional de la JUNJI Atacama, Marcela Gonz\u00e1lez Burgos, destac\u00f3 la realizaci\u00f3n de este tipo de iniciativa \u201cAgradecida de la iniciativa que ha tomado este a\u00f1o el jard\u00edn infantil Mi Peque\u00f1o mundo de la localidad de Domeyko al poder reunir a nuestros jardines infantiles m\u00e1s apartados en la comuna de Vallenar, generando una instancia para compartir e intercambiar experiencias educativas y culturales entre los jardines. Esta iniciativa tambi\u00e9n se realiza en otras localidades rurales de la regi\u00f3n donde se re\u00fanen las comunidades educativa realizando actividades que van en beneficio de nuestros ni\u00f1os y ni\u00f1as que asisten a jardines infantiles\u00a0 alejados de las ciudades\u201d, indic\u00f3 la directora.<\/p>\n<p style=\"text-align: justify;\">Finalmente, cabe destacar que los ni\u00f1os y ni\u00f1as disfrutaron de juegos inflables obsequios gestionado por la delegaci\u00f3n municipal de la comuna de Vallenar, resultando todo un gran \u00e9xito.<\/p>\n","protected":false},"excerpt":{"rendered":"<p>En el marco de la finalizaci\u00f3n del\u00a0 mes del ni\u00f1o y la ni\u00f1a, el jard\u00edn infantil \u201cMi Peque\u00f1o Mundo\u201d junto a los jardines rurales \u201cIncahuasi\u201d\u00a0&hellip; <\/p>\n","protected":false},"author":2,"featured_media":2280,"comment_status":"open","ping_status":"closed","sticky":false,"template":"","format":"standard","meta":{"footnotes":""},"categories":[2],"tags":[],"class_list":["post-2279","post","type-post","status-publish","format-standard","has-post-thumbnail","hentry","category-vallenar"],"_links":{"self":[{"href":"https:\/\/www.radioamigavallenar.cl\/index.php?rest_route=\/wp\/v2\/posts\/2279","targetHints":{"allow":["GET"]}}],"collection":[{"href":"https:\/\/www.radioamigavallenar.cl\/index.php?rest_route=\/wp\/v2\/posts"}],"about":[{"href":"https:\/\/www.radioamigavallenar.cl\/index.php?rest_route=\/wp\/v2\/types\/post"}],"author":[{"embeddable":true,"href":"https:\/\/www.radioamigavallenar.cl\/index.php?rest_route=\/wp\/v2\/users\/2"}],"replies":[{"embeddable":true,"href":"https:\/\/www.radioamigavallenar.cl\/index.php?rest_route=%2Fwp%2Fv2%2Fcomments&post=2279"}],"version-history":[{"count":0,"href":"https:\/\/www.radioamigavallenar.cl\/index.php?rest_route=\/wp\/v2\/posts\/2279\/revisions"}],"wp:featuredmedia":[{"embeddable":true,"href":"https:\/\/www.radioamigavallenar.cl\/index.php?rest_route=\/wp\/v2\/media\/2280"}],"wp:attachment":[{"href":"https:\/\/www.radioamigavallenar.cl\/index.php?rest_route=%2Fwp%2Fv2%2Fmedia&parent=2279"}],"wp:term":[{"taxonomy":"category","embeddable":true,"href":"https:\/\/www.radioamigavallenar.cl\/index.php?rest_route=%2Fwp%2Fv2%2Fcategories&post=2279"},{"taxonomy":"post_tag","embeddable":true,"href":"https:\/\/www.radioamigavallenar.cl\/index.php?rest_route=%2Fwp%2Fv2%2Ftags&post=2279"}],"curies":[{"name":"wp","href":"https:\/\/api.w.org\/{rel}","templated":true}]}}