{"id":22787,"date":"2020-04-03T10:28:48","date_gmt":"2020-04-03T13:28:48","guid":{"rendered":"https:\/\/www.radioamigavallenar.cl\/?p=22787"},"modified":"2020-04-03T10:28:49","modified_gmt":"2020-04-03T13:28:49","slug":"se-confirmo-un-quinto-caso-de-coronavirus-en-atacama","status":"publish","type":"post","link":"https:\/\/www.radioamigavallenar.cl\/?p=22787","title":{"rendered":"Se confirm\u00f3 un quinto caso de Coronavirus en Atacama"},"content":{"rendered":"\n<div class=\"wp-block-image\"><figure class=\"aligncenter size-large\"><img loading=\"lazy\" decoding=\"async\" width=\"1024\" height=\"678\" src=\"https:\/\/www.radioamigavallenar.cl\/wp-content\/uploads\/2020\/04\/coronavirus_ambulancia-1024x678.jpg\" alt=\"\" class=\"wp-image-22788\" srcset=\"https:\/\/www.radioamigavallenar.cl\/wp-content\/uploads\/2020\/04\/coronavirus_ambulancia-1024x678.jpg 1024w, https:\/\/www.radioamigavallenar.cl\/wp-content\/uploads\/2020\/04\/coronavirus_ambulancia-300x199.jpg 300w, https:\/\/www.radioamigavallenar.cl\/wp-content\/uploads\/2020\/04\/coronavirus_ambulancia-768x509.jpg 768w, https:\/\/www.radioamigavallenar.cl\/wp-content\/uploads\/2020\/04\/coronavirus_ambulancia.jpg 1140w\" sizes=\"auto, (max-width: 1024px) 100vw, 1024px\" \/><\/figure><\/div>\n\n\n\n<p><strong>Esta vez se trata de un paciente de 32 a\u00f1os que realiz\u00f3 un viaje a varios pa\u00edses de Europa<\/strong><\/p>\n\n\n\n<p>Un nuevo caso de Covid-19 fue dado a conocer esta noche por las autoridades de Salud en Atacama, esta vez se trata de un paciente de 32 a\u00f1os con historial de viaje a Alemania, Australia, Irlanda y Ucrania, quien regres\u00f3 al pa\u00eds el pasado 30 de marzo y donde la autoridad de Salud regional manten\u00eda seguimiento domiciliario de la persona.<\/p>\n\n\n\n<p>Al igual que en el caso informando anteriormente, la muestra fue procesada en la Universidad de Atacama, dando positivo y activando los protocolos respectivos para el seguimiento de los contactos del paciente.<\/p>\n\n\n\n<p>Este nuevo caso se suma al informando esta misma noche, vale decir un cuarto y quinto casos positivos de covid-19 en la regi\u00f3n de Atacama. Las autoridades de salud volvieron a realizar el llamado a toda la comunidad para mantener estrictamente las medidas de precauci\u00f3n y evitar la propagaci\u00f3n del virus en la regi\u00f3n.<\/p>\n","protected":false},"excerpt":{"rendered":"<p>Esta vez se trata de un paciente de 32 a\u00f1os que realiz\u00f3 un viaje a varios pa\u00edses de Europa Un nuevo caso de Covid-19 fue&hellip; <\/p>\n","protected":false},"author":2,"featured_media":22788,"comment_status":"open","ping_status":"closed","sticky":false,"template":"","format":"standard","meta":{"footnotes":""},"categories":[7],"tags":[],"class_list":["post-22787","post","type-post","status-publish","format-standard","has-post-thumbnail","hentry","category-atacama"],"_links":{"self":[{"href":"https:\/\/www.radioamigavallenar.cl\/index.php?rest_route=\/wp\/v2\/posts\/22787","targetHints":{"allow":["GET"]}}],"collection":[{"href":"https:\/\/www.radioamigavallenar.cl\/index.php?rest_route=\/wp\/v2\/posts"}],"about":[{"href":"https:\/\/www.radioamigavallenar.cl\/index.php?rest_route=\/wp\/v2\/types\/post"}],"author":[{"embeddable":true,"href":"https:\/\/www.radioamigavallenar.cl\/index.php?rest_route=\/wp\/v2\/users\/2"}],"replies":[{"embeddable":true,"href":"https:\/\/www.radioamigavallenar.cl\/index.php?rest_route=%2Fwp%2Fv2%2Fcomments&post=22787"}],"version-history":[{"count":0,"href":"https:\/\/www.radioamigavallenar.cl\/index.php?rest_route=\/wp\/v2\/posts\/22787\/revisions"}],"wp:featuredmedia":[{"embeddable":true,"href":"https:\/\/www.radioamigavallenar.cl\/index.php?rest_route=\/wp\/v2\/media\/22788"}],"wp:attachment":[{"href":"https:\/\/www.radioamigavallenar.cl\/index.php?rest_route=%2Fwp%2Fv2%2Fmedia&parent=22787"}],"wp:term":[{"taxonomy":"category","embeddable":true,"href":"https:\/\/www.radioamigavallenar.cl\/index.php?rest_route=%2Fwp%2Fv2%2Fcategories&post=22787"},{"taxonomy":"post_tag","embeddable":true,"href":"https:\/\/www.radioamigavallenar.cl\/index.php?rest_route=%2Fwp%2Fv2%2Ftags&post=22787"}],"curies":[{"name":"wp","href":"https:\/\/api.w.org\/{rel}","templated":true}]}}