{"id":22729,"date":"2020-04-02T10:38:36","date_gmt":"2020-04-02T13:38:36","guid":{"rendered":"https:\/\/www.radioamigavallenar.cl\/?p=22729"},"modified":"2020-04-02T10:38:38","modified_gmt":"2020-04-02T13:38:38","slug":"contagios-por-coronavirus-en-chile-subieron-a-los-3-404-casos","status":"publish","type":"post","link":"https:\/\/www.radioamigavallenar.cl\/?p=22729","title":{"rendered":"Contagios por coronavirus en Chile subieron a los 3.404 casos"},"content":{"rendered":"\n<div class=\"wp-block-image\"><figure class=\"aligncenter size-large\"><img loading=\"lazy\" decoding=\"async\" width=\"800\" height=\"534\" src=\"https:\/\/www.radioamigavallenar.cl\/wp-content\/uploads\/2020\/04\/CORONA_24-e1585833868920.jpg\" alt=\"\" class=\"wp-image-22730\" srcset=\"https:\/\/www.radioamigavallenar.cl\/wp-content\/uploads\/2020\/04\/CORONA_24-e1585833868920.jpg 800w, https:\/\/www.radioamigavallenar.cl\/wp-content\/uploads\/2020\/04\/CORONA_24-e1585833868920-300x200.jpg 300w, https:\/\/www.radioamigavallenar.cl\/wp-content\/uploads\/2020\/04\/CORONA_24-e1585833868920-768x513.jpg 768w\" sizes=\"auto, (max-width: 800px) 100vw, 800px\" \/><\/figure><\/div>\n\n\n\n<p>Se reportaron 373 nuevos contagios durante la \u00faltima jornada. Dos personas fallecieron en las \u00faltimas 24 horas, confirmaron desde el Ministerio de Salud.<\/p>\n\n\n\n<p>El Ministerio de Salud entreg\u00f3 este jueves un nuevo balance de la situaci\u00f3n en Chile respecto al\u00a0coronavirus COVID-19, indicando que el\u00a0n\u00famero de contagios aument\u00f3 a 3.404, 373 m\u00e1s que en las \u00faltimas 24 horas, y que se confirmaron dos fallecidos m\u00e1s, llegando a un total de 18.<\/p>\n\n\n\n<p>De acuerdo a lo informado por el ministro Jaime Ma\u00f1alich, el balance coincide con los 30 primeros d\u00edas desde que se informara el primer caso positivo en el pa\u00eds, el pasado 3 de marzo,<strong>\u00a0<\/strong>report\u00e1ndose el mayor aumento de personas con la enfermedad en un solo d\u00eda.<\/p>\n\n\n\n<p>Sobre las v\u00edctimas fatales, el titular inform\u00f3 que correspond\u00edan a habitantes de las regiones<strong>\u00a0<\/strong>Metropolitana y La Araucan\u00eda.<\/p>\n\n\n\n<p>A nivel regional, Ma\u00f1alich inform\u00f3 que la regi\u00f3n de \u00d1uble report\u00f3 un aumento considerable en las \u00faltimas 24 horas.<\/p>\n\n\n\n<p>Arturo Z\u00fa\u00f1iga, subsecretario de Redes Asistenciales, complement\u00f3 que en<strong>\u00a0<\/strong>La Araucan\u00eda hay un \u00abalto n\u00famero de contagiados\u00bb, habiendo 24 personas conectadas a ventilaci\u00f3n autom\u00e1tica\u00bb.<\/p>\n","protected":false},"excerpt":{"rendered":"<p>Se reportaron 373 nuevos contagios durante la \u00faltima jornada. Dos personas fallecieron en las \u00faltimas 24 horas, confirmaron desde el Ministerio de Salud. El Ministerio&hellip; <\/p>\n","protected":false},"author":2,"featured_media":22730,"comment_status":"open","ping_status":"closed","sticky":false,"template":"","format":"standard","meta":{"footnotes":""},"categories":[37],"tags":[],"class_list":["post-22729","post","type-post","status-publish","format-standard","has-post-thumbnail","hentry","category-nacional"],"_links":{"self":[{"href":"https:\/\/www.radioamigavallenar.cl\/index.php?rest_route=\/wp\/v2\/posts\/22729","targetHints":{"allow":["GET"]}}],"collection":[{"href":"https:\/\/www.radioamigavallenar.cl\/index.php?rest_route=\/wp\/v2\/posts"}],"about":[{"href":"https:\/\/www.radioamigavallenar.cl\/index.php?rest_route=\/wp\/v2\/types\/post"}],"author":[{"embeddable":true,"href":"https:\/\/www.radioamigavallenar.cl\/index.php?rest_route=\/wp\/v2\/users\/2"}],"replies":[{"embeddable":true,"href":"https:\/\/www.radioamigavallenar.cl\/index.php?rest_route=%2Fwp%2Fv2%2Fcomments&post=22729"}],"version-history":[{"count":0,"href":"https:\/\/www.radioamigavallenar.cl\/index.php?rest_route=\/wp\/v2\/posts\/22729\/revisions"}],"wp:featuredmedia":[{"embeddable":true,"href":"https:\/\/www.radioamigavallenar.cl\/index.php?rest_route=\/wp\/v2\/media\/22730"}],"wp:attachment":[{"href":"https:\/\/www.radioamigavallenar.cl\/index.php?rest_route=%2Fwp%2Fv2%2Fmedia&parent=22729"}],"wp:term":[{"taxonomy":"category","embeddable":true,"href":"https:\/\/www.radioamigavallenar.cl\/index.php?rest_route=%2Fwp%2Fv2%2Fcategories&post=22729"},{"taxonomy":"post_tag","embeddable":true,"href":"https:\/\/www.radioamigavallenar.cl\/index.php?rest_route=%2Fwp%2Fv2%2Ftags&post=22729"}],"curies":[{"name":"wp","href":"https:\/\/api.w.org\/{rel}","templated":true}]}}