{"id":22725,"date":"2020-04-02T00:00:00","date_gmt":"2020-04-02T03:00:00","guid":{"rendered":"https:\/\/www.radioamigavallenar.cl\/?p=22725"},"modified":"2020-04-01T21:24:00","modified_gmt":"2020-04-02T00:24:00","slug":"freirina-saluda-a-personas-con-autismo-en-jornada-mundial-de-concienciacion","status":"publish","type":"post","link":"https:\/\/www.radioamigavallenar.cl\/?p=22725","title":{"rendered":"Freirina saluda a personas con autismo en jornada mundial de concienciaci\u00f3n"},"content":{"rendered":"\n<figure class=\"wp-block-image size-large\"><img loading=\"lazy\" decoding=\"async\" width=\"960\" height=\"960\" src=\"https:\/\/www.radioamigavallenar.cl\/wp-content\/uploads\/2020\/04\/NotaprensaAUTISMO.jpg\" alt=\"\" class=\"wp-image-22726\" srcset=\"https:\/\/www.radioamigavallenar.cl\/wp-content\/uploads\/2020\/04\/NotaprensaAUTISMO.jpg 960w, https:\/\/www.radioamigavallenar.cl\/wp-content\/uploads\/2020\/04\/NotaprensaAUTISMO-300x300.jpg 300w, https:\/\/www.radioamigavallenar.cl\/wp-content\/uploads\/2020\/04\/NotaprensaAUTISMO-150x150.jpg 150w, https:\/\/www.radioamigavallenar.cl\/wp-content\/uploads\/2020\/04\/NotaprensaAUTISMO-768x768.jpg 768w\" sizes=\"auto, (max-width: 960px) 100vw, 960px\" \/><\/figure>\n\n\n\n<p>Con atractivo \u201cmarco de perfil\u201d la Oficina de Discapacidad invit\u00f3 a los vecinos a conmemorar la jornada.<\/p>\n\n\n\n<p>Con el Hashtag #FreirinadeAzul y una serie de actividades virtuales, la Oficina de la Discapacidad conmemora esta jornada de 02 de abril por las personas con trastorno del espectro autista TEA. Visibilizar esta condici\u00f3n en las familias de Freirina y desmitificar ciertos conceptos es la principal tarea para esta jornada, que tendr\u00e1 que ser celebrada a trav\u00e9s de las distintas plataformas digitales que posee el Municipio, a ra\u00edz de la contingencia sanitaria que se vive en el pa\u00eds.<\/p>\n\n\n\n<p>Es por ello que desde la Oficina de la Discapacidad, a trav\u00e9s de su Encargada Catalina Gaete, dieron cuenta de las actividades que se realizan en conjunto con otros departamentos entre ellos, el Programa Chile Crece Contigo, La Oficina de Protecci\u00f3n de Derechos infanto-juvenil, La Omil, el Cesfam \u201cPracticante Oscar Ruiz Toro\u201d, entre otros.<\/p>\n\n\n\n<p>\u201cA los vecinos y vecinas los invitamos a compartir la campa\u00f1a comunicacional Freirina de azul, el color azul por el D\u00eda Mundial de concientizaci\u00f3n de las personas con trastorno del espectro autista, como Oficina de Discapacidad, estaremos compartiendo informaci\u00f3n sobre mitos alrededor de las personas con autismo y tambi\u00e9n testimonios de familias y personas con autismo para que ustedes puedan conocer m\u00e1s de esta realizad y seguir propiciando una comuna m\u00e1s inclusiva\u201d, dijo la profesional.<\/p>\n\n\n\n<p>La instancia fue propicia para saludar a quienes trabajan directamente con personas con autismo en Freirina, especialmente a la Unidad de Salud Mental del Centro de Salud Familiar, como as\u00ed tambi\u00e9n a los establecimientos educacionales de la comuna que trabajan en la l\u00ednea de la inclusi\u00f3n. \u201cRecordamos que el autismo no es una enfermedad, sino que es una neuro-diversidad, informaci\u00f3n como esta y otras la tendremos disponible obviamente en nuestra p\u00e1gina de Facebook \u201cDiscapacidad Freirina\u201d con la cual podr\u00e1n acceder\u201d coment\u00f3 Catalina Gaete.<\/p>\n\n\n\n<p>Cabe destacar que en materia de inclusi\u00f3n Freirina ha ido creciendo en los \u00faltimos a\u00f1os, a trav\u00e9s de muchas acciones, que por muy peque\u00f1as que parezcan, son un gran avance para toda la comunidad organizada. \u201cQueremos saludar a las personas con autismo, a nuestros ni\u00f1os y ni\u00f1as, a nuestros j\u00f3venes y sus familias, y desde ac\u00e1 seguir motiv\u00e1ndolos para que aprovechen todas las herramientas que dispone la Municipalidad para mejorar su calidad de<\/p>\n\n\n\n<p>vida\u201d coment\u00f3 el Alcalde Cesar Orellana, quienes junto al Concejo Comunal, extendieron al resto de los vecinos una cordial invitaci\u00f3n a sumarse a las actividades preparadas para esta ocasi\u00f3n. \u201cQueremos reafirmar nuestro compromiso por seguir trabajando por una comuna m\u00e1s inclusiva, fomentando valores de respeto, integraci\u00f3n, en los habitantes de la comuna y aprovechamos esta instancia para saludar a nuestros funcionarios y funcionarias de la Oficina de la Discapacidad que en esta jornada est\u00e1n cumpliendo un a\u00f1o de existencia\u201d concluy\u00f3 el Alcalde.<\/p>\n","protected":false},"excerpt":{"rendered":"<p>Con atractivo \u201cmarco de perfil\u201d la Oficina de Discapacidad invit\u00f3 a los vecinos a conmemorar la jornada. Con el Hashtag #FreirinadeAzul y una serie de&hellip; <\/p>\n","protected":false},"author":2,"featured_media":22726,"comment_status":"open","ping_status":"closed","sticky":false,"template":"","format":"standard","meta":{"footnotes":""},"categories":[3,1],"tags":[],"class_list":["post-22725","post","type-post","status-publish","format-standard","has-post-thumbnail","hentry","category-freirina","category-provincia-del-huasco-2"],"_links":{"self":[{"href":"https:\/\/www.radioamigavallenar.cl\/index.php?rest_route=\/wp\/v2\/posts\/22725","targetHints":{"allow":["GET"]}}],"collection":[{"href":"https:\/\/www.radioamigavallenar.cl\/index.php?rest_route=\/wp\/v2\/posts"}],"about":[{"href":"https:\/\/www.radioamigavallenar.cl\/index.php?rest_route=\/wp\/v2\/types\/post"}],"author":[{"embeddable":true,"href":"https:\/\/www.radioamigavallenar.cl\/index.php?rest_route=\/wp\/v2\/users\/2"}],"replies":[{"embeddable":true,"href":"https:\/\/www.radioamigavallenar.cl\/index.php?rest_route=%2Fwp%2Fv2%2Fcomments&post=22725"}],"version-history":[{"count":0,"href":"https:\/\/www.radioamigavallenar.cl\/index.php?rest_route=\/wp\/v2\/posts\/22725\/revisions"}],"wp:featuredmedia":[{"embeddable":true,"href":"https:\/\/www.radioamigavallenar.cl\/index.php?rest_route=\/wp\/v2\/media\/22726"}],"wp:attachment":[{"href":"https:\/\/www.radioamigavallenar.cl\/index.php?rest_route=%2Fwp%2Fv2%2Fmedia&parent=22725"}],"wp:term":[{"taxonomy":"category","embeddable":true,"href":"https:\/\/www.radioamigavallenar.cl\/index.php?rest_route=%2Fwp%2Fv2%2Fcategories&post=22725"},{"taxonomy":"post_tag","embeddable":true,"href":"https:\/\/www.radioamigavallenar.cl\/index.php?rest_route=%2Fwp%2Fv2%2Ftags&post=22725"}],"curies":[{"name":"wp","href":"https:\/\/api.w.org\/{rel}","templated":true}]}}