{"id":22722,"date":"2020-04-02T00:01:00","date_gmt":"2020-04-02T03:01:00","guid":{"rendered":"https:\/\/www.radioamigavallenar.cl\/?p=22722"},"modified":"2020-04-01T21:20:14","modified_gmt":"2020-04-02T00:20:14","slug":"nuevos-propietarios-del-conjunto-habitacional-chacra-martinez-recibieron-las-llaves-de-sus-flamantes-departamentos-sociales-en-vallenar","status":"publish","type":"post","link":"https:\/\/www.radioamigavallenar.cl\/?p=22722","title":{"rendered":"Nuevos propietarios del conjunto habitacional  \u201cChacra Mart\u00ednez\u201d recibieron las llaves de sus flamantes departamentos sociales en Vallenar."},"content":{"rendered":"\n<div class=\"wp-block-image\"><figure class=\"aligncenter size-large\"><img loading=\"lazy\" decoding=\"async\" width=\"960\" height=\"720\" src=\"https:\/\/www.radioamigavallenar.cl\/wp-content\/uploads\/2020\/04\/viviendas-1.jpg\" alt=\"\" class=\"wp-image-22723\" srcset=\"https:\/\/www.radioamigavallenar.cl\/wp-content\/uploads\/2020\/04\/viviendas-1.jpg 960w, https:\/\/www.radioamigavallenar.cl\/wp-content\/uploads\/2020\/04\/viviendas-1-300x225.jpg 300w, https:\/\/www.radioamigavallenar.cl\/wp-content\/uploads\/2020\/04\/viviendas-1-768x576.jpg 768w\" sizes=\"auto, (max-width: 960px) 100vw, 960px\" \/><\/figure><\/div>\n\n\n\n<p><strong>La ceremonia simb\u00f3lica cont\u00f3 solo con la presencia de un reducido grupo de nuevos propietarios, atendiendo la contingencia sanitaria<\/strong>.<\/p>\n\n\n\n<p>Esta ma\u00f1ana se procedi\u00f3 a la entrega de las llaves de los 116 departamentos construidos en la ex \u201cChacra Mart\u00ednez\u201d, aunque solo en forma simb\u00f3lica, atendiendo las condiciones sanitarias coyunturales, raz\u00f3n por la que \u00fanicamente un grupo representativo de beneficiarios asisti\u00f3 a esta ceremonia en la que tomaron parte el alcalde de la comuna, Cristian Tapia Ramos, el seremi de Minvu, Rodrigo Maturana, la gobernadora provincial del Huasco, Nelly Galeb, y el concejal Robinson Morales.<\/p>\n\n\n\n<p>\u201cEs un momento de mucha alegr\u00eda y satisfacci\u00f3n, porque no puedo dejar de mirar atr\u00e1s, al a\u00f1o 2014, cuando adquirimos estos terrenos y muchas personas dijeron que ac\u00e1 nunca se podr\u00eda construir, sobre todo algunos pol\u00edticos, y empezamos a trabajar junto al Serviu. No fue f\u00e1cil para los beneficiarios, ni para la empresa Ecomac, pero sacamos muchas piedras del camino, y lo importante es que hoy estamos entregando estos hermosos departamentos. Para m\u00ed es una tremenda satisfacci\u00f3n por ustedes, porque dejar\u00e1n de arrendar y vivir hacinados. Ahora, solo nos resta seguir trabajando para el segundo grupo de beneficiados que tiene el mismo sue\u00f1o que ustedes\u201d, dijo en su saludo el alcalde Cristian Tapia, principal impulsor de este proyecto habitacional.<\/p>\n\n\n\n<p>A su vez, el director regional del Serviu, Rodrigo Maturana agradeci\u00f3 la paciencia de los nuevos propietarios, quienes esperaban recibir las llaves en diciembre, pero las circunstancias sociales lo impidieron; asimismo, agradeci\u00f3 al municipio vallenarino por el rol como patrocinante del comit\u00e9 de vivienda y el aporte econ\u00f3mico que tambi\u00e9n entreg\u00f3 para la compra del terreno. Termin\u00f3 sus palabras felicitando y deseando una venturosa nueva vida familiar a los beneficiados con estos departamentos sociales.<\/p>\n","protected":false},"excerpt":{"rendered":"<p>La ceremonia simb\u00f3lica cont\u00f3 solo con la presencia de un reducido grupo de nuevos propietarios, atendiendo la contingencia sanitaria. Esta ma\u00f1ana se procedi\u00f3 a la&hellip; <\/p>\n","protected":false},"author":2,"featured_media":22723,"comment_status":"open","ping_status":"closed","sticky":false,"template":"","format":"standard","meta":{"footnotes":""},"categories":[1,2],"tags":[],"class_list":["post-22722","post","type-post","status-publish","format-standard","has-post-thumbnail","hentry","category-provincia-del-huasco-2","category-vallenar"],"_links":{"self":[{"href":"https:\/\/www.radioamigavallenar.cl\/index.php?rest_route=\/wp\/v2\/posts\/22722","targetHints":{"allow":["GET"]}}],"collection":[{"href":"https:\/\/www.radioamigavallenar.cl\/index.php?rest_route=\/wp\/v2\/posts"}],"about":[{"href":"https:\/\/www.radioamigavallenar.cl\/index.php?rest_route=\/wp\/v2\/types\/post"}],"author":[{"embeddable":true,"href":"https:\/\/www.radioamigavallenar.cl\/index.php?rest_route=\/wp\/v2\/users\/2"}],"replies":[{"embeddable":true,"href":"https:\/\/www.radioamigavallenar.cl\/index.php?rest_route=%2Fwp%2Fv2%2Fcomments&post=22722"}],"version-history":[{"count":0,"href":"https:\/\/www.radioamigavallenar.cl\/index.php?rest_route=\/wp\/v2\/posts\/22722\/revisions"}],"wp:featuredmedia":[{"embeddable":true,"href":"https:\/\/www.radioamigavallenar.cl\/index.php?rest_route=\/wp\/v2\/media\/22723"}],"wp:attachment":[{"href":"https:\/\/www.radioamigavallenar.cl\/index.php?rest_route=%2Fwp%2Fv2%2Fmedia&parent=22722"}],"wp:term":[{"taxonomy":"category","embeddable":true,"href":"https:\/\/www.radioamigavallenar.cl\/index.php?rest_route=%2Fwp%2Fv2%2Fcategories&post=22722"},{"taxonomy":"post_tag","embeddable":true,"href":"https:\/\/www.radioamigavallenar.cl\/index.php?rest_route=%2Fwp%2Fv2%2Ftags&post=22722"}],"curies":[{"name":"wp","href":"https:\/\/api.w.org\/{rel}","templated":true}]}}