{"id":22700,"date":"2020-04-02T00:00:00","date_gmt":"2020-04-02T03:00:00","guid":{"rendered":"https:\/\/www.radioamigavallenar.cl\/?p=22700"},"modified":"2020-04-01T20:49:21","modified_gmt":"2020-04-01T23:49:21","slug":"conforman-mesa-social-covid-19-liderada-por-intendente-de-atacama","status":"publish","type":"post","link":"https:\/\/www.radioamigavallenar.cl\/?p=22700","title":{"rendered":"Conforman mesa social Covid-19 liderada por Intendente de Atacama"},"content":{"rendered":"\n<div class=\"wp-block-image\"><figure class=\"aligncenter size-large\"><img loading=\"lazy\" decoding=\"async\" width=\"800\" height=\"533\" src=\"https:\/\/www.radioamigavallenar.cl\/wp-content\/uploads\/2020\/04\/MESA-COVID-e1585777498694.jpeg\" alt=\"\" class=\"wp-image-22701\" srcset=\"https:\/\/www.radioamigavallenar.cl\/wp-content\/uploads\/2020\/04\/MESA-COVID-e1585777498694.jpeg 800w, https:\/\/www.radioamigavallenar.cl\/wp-content\/uploads\/2020\/04\/MESA-COVID-e1585777498694-300x200.jpeg 300w, https:\/\/www.radioamigavallenar.cl\/wp-content\/uploads\/2020\/04\/MESA-COVID-e1585777498694-768x512.jpeg 768w\" sizes=\"auto, (max-width: 800px) 100vw, 800px\" \/><\/figure><\/div>\n\n\n\n<p><strong>La mesa es integrada por autoridades de gobierno, alcaldes, acad\u00e9micos y profesionales de la salud y busca ser una instancia de coordinaci\u00f3n y colaboraci\u00f3n para enfrentar con efectividad el brote del virus.<\/strong><\/p>\n\n\n\n<p>Este martes se conform\u00f3 en la Regi\u00f3n de Atacama la mesa social por Covid-19 para trabajar coordinadamente en colaborar con la estrategia y las acciones que define la autoridad sanitaria en virtud de la recomendaci\u00f3n de especialistas.&nbsp; La reuni\u00f3n realizada mediante videoconferencia estuvo encabezada por el Intendente de Atacama, Patricio Urquieta, el Seremi de Salud, Basti\u00e1n Hermosilla, y el Director del Servicio de Salud, Claudio Baeza.<\/p>\n\n\n\n<p>En la instancia participaron el Rector de la Universidad de Atacama, Celso Arias, los alcaldes, representante del Colegio de M\u00e9dicos, Dr. Carlos Pezo, representante del Colegio de Dentistas, Vivian Need, representante de Odont\u00f3logos generales de la zona, Alejandro Rivas, representante del Colegio de Kinesi\u00f3logos, Johanna Vega, representantes de la ASENF, Claudia Gonz\u00e1lez; de la FENPRUSS, Ernesto Astudillo; de la CONFUSAM, Wilfredo Neyra; de la FENATS, Mar\u00eda Pe\u00f1a; y de la FENFUSSAP, Jimena P\u00e9rez.<\/p>\n\n\n\n<p>Tras la reuni\u00f3n, el Intendente Urquieta destac\u00f3 que \u201cfue una reuni\u00f3n importante entre el Gobierno, los municipios, la Universidad, el Colegio M\u00e9dico, y los gremios de la salud, y el objeto era revisar la situaci\u00f3n sanitaria y recibir ideas sobre c\u00f3mo avanzar bien en la gesti\u00f3n de esta emergencia. Fue positiva desde mi punto de vista, cont\u00f3 con la participaci\u00f3n activa de los integrantes, y recibimos ideas en temas en los que hay que trabajar ejecutivamente en estos d\u00edas que vienen. Este es un trabajo que lidera el Presidente Pi\u00f1era y que requiere la colaboraci\u00f3n de todos, y por eso queremos agradecer a quienes participaron y colaboraron el d\u00eda de ayer en esta instancia\u201d.<\/p>\n\n\n\n<p>En tanto, el Rector de la Universidad de Atacama, Celso Arias, dijo que \u201ccreo que reunir a todos los actores claves de la comunidad de la tercera regi\u00f3n es muy importante para la toma de decisiones que pueda tener el Gobierno Regional\u2026Yo creo que m\u00e1s que saber c\u00f3mo actuamos en cada una de las instituciones, es encargarnos tambi\u00e9n trabajo que podamos realizar que vayan en pos de la soluci\u00f3n por lo menos para nuestra regi\u00f3n. No veo que en esta mesa puedan existir posibilidades de desarrollo de otra naturaleza, como pol\u00edtica, o como de otros sectores de la productividad, creo que estamos por el tema de la salud. Creo que esto le hace bien a la regi\u00f3n y creo que el Intendente podr\u00e1 tomar decisiones mayormente fundamentadas\u201d.<\/p>\n\n\n\n<p>El Dr. Carlos Pezo, Presidente del Colegio de M\u00e9dicos en Atacama, dijo que \u201cnosotros hicimos algunas propuestas que no son para nada descabelladas, muchas de las cuales fueron incorporadas por el Servicio de Salud, pero hay cosas que dependen de la Seremia. Me quedo con una sensaci\u00f3n positiva porque nos convocaron, m\u00e1s creo que puede ser un poco m\u00e1s ejecutivo, como por ejemplo acotar el n\u00famero de participantes, porque creemos que estas reuniones deben ser acotadas con propuestas concretas, porque parec\u00eda una cuenta, y la verdad es que yo creo que se le puede sacar m\u00e1s provecho para que tambi\u00e9n asistan los distintos actores, tanto los alcaldes, las autoridades de Gobierno, el colegio profesional como el Colegio M\u00e9dico se puedan sentir part\u00edcipes, escuchar todas las ideas, yo creo que nadie tiene la varita de la verdad absoluta, y dentro de ciertos m\u00e1rgenes podamos movernos y poder tomar algunas decisiones como regi\u00f3n\u201d.<\/p>\n\n\n\n<p>Por su parte, Wilfredo Neyra, Presiente Regional de la Confusam Atacama, expres\u00f3 que \u201cvaloramos esta reuni\u00f3n, ya que era nuestra intenci\u00f3n desde el primer d\u00eda aportar a la contingencia como coordinadora de Salud. La instalaci\u00f3n de la mesa t\u00e9cnica en Atacama, la primera en Chile bajo estas caracter\u00edsticas, nos permitir\u00e1 definir en conjunto las estrategias regionales pare enfrentar esta pandemia. Ir evaluando los escenarios con todos los actores, y a su vez crear los cambios necesarios de acuerdo a las respuestas que se vayan dando desde esos mismos an\u00e1lisis. Esperamos que en una pr\u00f3xima reuni\u00f3n se vayan definiendo m\u00e1s claramente l\u00edneas de acciones concretas y emplazamos una vez m\u00e1s a la autoridad sanitaria a estar a la altura de las demandas mencionadas: mayor fortalecimiento en aduanas sanitarias desde la log\u00edstica y seguridad y procurar el resguardo de las mineras de manera efectiva\u201d.<\/p>\n\n\n\n<p>Finalmente, Ernesto Astudillo, Presidente de la Fenpruss, dijo que \u201cla primera evaluaci\u00f3n que nosotros hacemos como coordinadora es valorar profundamente la instalaci\u00f3n de esta mesa, y agradecemos la respuesta del Intendente de instalar esta mesa. Creemos que aqu\u00ed se tiene que empezar a definir las estrategias de c\u00f3mo la regi\u00f3n va a enfrentar esta pandemia y elaborar propuestas tambi\u00e9n en torno a la parte econ\u00f3mica y social. <\/p>\n\n\n\n<p>Desde el punto de vista sanitario resulta importante definir el punto en el que estamos en la regi\u00f3n, estamos afortunadamente en una fase 2 todav\u00eda. Concordamos con el Director del Servicio de Salud Atacama que hoy d\u00eda la estrategia tiene que ser pesquisar y aislar, entendiendo que contamos con un examen en la regi\u00f3n que puede entregar respuestas m\u00e1s r\u00e1pidas, y adem\u00e1s verificar que quienes est\u00e9n en cuarentena la cumplan y no expongan al resto de los casos\u201d.<\/p>\n","protected":false},"excerpt":{"rendered":"<p>La mesa es integrada por autoridades de gobierno, alcaldes, acad\u00e9micos y profesionales de la salud y busca ser una instancia de coordinaci\u00f3n y colaboraci\u00f3n para&hellip; <\/p>\n","protected":false},"author":2,"featured_media":22701,"comment_status":"open","ping_status":"closed","sticky":false,"template":"","format":"standard","meta":{"footnotes":""},"categories":[7],"tags":[],"class_list":["post-22700","post","type-post","status-publish","format-standard","has-post-thumbnail","hentry","category-atacama"],"_links":{"self":[{"href":"https:\/\/www.radioamigavallenar.cl\/index.php?rest_route=\/wp\/v2\/posts\/22700","targetHints":{"allow":["GET"]}}],"collection":[{"href":"https:\/\/www.radioamigavallenar.cl\/index.php?rest_route=\/wp\/v2\/posts"}],"about":[{"href":"https:\/\/www.radioamigavallenar.cl\/index.php?rest_route=\/wp\/v2\/types\/post"}],"author":[{"embeddable":true,"href":"https:\/\/www.radioamigavallenar.cl\/index.php?rest_route=\/wp\/v2\/users\/2"}],"replies":[{"embeddable":true,"href":"https:\/\/www.radioamigavallenar.cl\/index.php?rest_route=%2Fwp%2Fv2%2Fcomments&post=22700"}],"version-history":[{"count":0,"href":"https:\/\/www.radioamigavallenar.cl\/index.php?rest_route=\/wp\/v2\/posts\/22700\/revisions"}],"wp:featuredmedia":[{"embeddable":true,"href":"https:\/\/www.radioamigavallenar.cl\/index.php?rest_route=\/wp\/v2\/media\/22701"}],"wp:attachment":[{"href":"https:\/\/www.radioamigavallenar.cl\/index.php?rest_route=%2Fwp%2Fv2%2Fmedia&parent=22700"}],"wp:term":[{"taxonomy":"category","embeddable":true,"href":"https:\/\/www.radioamigavallenar.cl\/index.php?rest_route=%2Fwp%2Fv2%2Fcategories&post=22700"},{"taxonomy":"post_tag","embeddable":true,"href":"https:\/\/www.radioamigavallenar.cl\/index.php?rest_route=%2Fwp%2Fv2%2Ftags&post=22700"}],"curies":[{"name":"wp","href":"https:\/\/api.w.org\/{rel}","templated":true}]}}