{"id":22698,"date":"2020-04-01T13:17:43","date_gmt":"2020-04-01T16:17:43","guid":{"rendered":"https:\/\/www.radioamigavallenar.cl\/?p=22698"},"modified":"2020-04-01T13:17:44","modified_gmt":"2020-04-01T16:17:44","slug":"presidente-pinera-promulga-ley-de-proteccion-al-empleo-ante-crisis-del-covid-19","status":"publish","type":"post","link":"https:\/\/www.radioamigavallenar.cl\/?p=22698","title":{"rendered":"Presidente Pi\u00f1era promulga ley de protecci\u00f3n al empleo ante crisis del Covid-19"},"content":{"rendered":"\n<div class=\"wp-block-image\"><figure class=\"aligncenter size-large\"><img loading=\"lazy\" decoding=\"async\" width=\"900\" height=\"560\" src=\"https:\/\/www.radioamigavallenar.cl\/wp-content\/uploads\/2020\/03\/pi\u00f1era-scaled-1.jpg\" alt=\"\" class=\"wp-image-22235\" srcset=\"https:\/\/www.radioamigavallenar.cl\/wp-content\/uploads\/2020\/03\/pi\u00f1era-scaled-1.jpg 900w, https:\/\/www.radioamigavallenar.cl\/wp-content\/uploads\/2020\/03\/pi\u00f1era-scaled-1-300x187.jpg 300w, https:\/\/www.radioamigavallenar.cl\/wp-content\/uploads\/2020\/03\/pi\u00f1era-scaled-1-768x478.jpg 768w\" sizes=\"auto, (max-width: 900px) 100vw, 900px\" \/><\/figure><\/div>\n\n\n\n<p>Este mi\u00e9rcoles, el presidente Sebasti\u00e1n Pi\u00f1era promulg\u00f3 la<strong>\u00a0<\/strong>Ley de Protecci\u00f3n al Empleo,\u00a0que faculta el acceso a prestaciones del Seguro de Desempleo bajo circunstancias excepcionales y tiene la finalidad de proteger y dar seguridad a los ingresos laborales de las familias ante la pandemia global del Covid-19.<\/p>\n\n\n\n<p>La ley fue aprobada este martes, incluyendo una pol\u00e9mica indicaci\u00f3n de \u00faltima hora, con la cual el empleador s\u00f3lo pagar\u00e1 el 50% de las cotizaciones laborales durante la suspensi\u00f3n del v\u00ednculo. Antes de dicha indicaci\u00f3n, el empleador deb\u00eda pagar la totalidad de las cotizaciones del trabajador.<\/p>\n\n\n\n<p>Desde el Gobierno detallaron que con esta ley, ante un mandato sanitario que determine la paralizaci\u00f3n total o parcial de las actividades laborales o mutuo acuerdo se podr\u00e1 suspender temporalmente el trabajo en la empresa, pero manteniendo el empleo, el contrato y todos los derechos laborales, como el pago de las cotizaciones por parte del empleador.<\/p>\n\n\n\n<p>As\u00ed, se suspende el pago de las remuneraciones por parte de la empresa y el trabajador pasar\u00eda a recibir ingresos desde el seguro de cesant\u00eda.<\/p>\n\n\n\n<p>La ley permitir\u00e1 tambi\u00e9n la reducci\u00f3n de la jornada laboral en hasta 50%, compensando parte de la disminuci\u00f3n de la remuneraci\u00f3n de los trabajadores con recursos del Seguro de Cesant\u00eda; la suspensi\u00f3n de las relaciones laborales a las trabajadoras de casa particular, accediendo al beneficio de la indemnizaci\u00f3n a todo evento y prohibir\u00e1 durante seis meses, o bien, existiendo el Estado de Cat\u00e1strofe, las desvinculaciones por fuerza mayor que invoquen como motivo de la pandemia del Covid-19.<\/p>\n","protected":false},"excerpt":{"rendered":"<p>Este mi\u00e9rcoles, el presidente Sebasti\u00e1n Pi\u00f1era promulg\u00f3 la\u00a0Ley de Protecci\u00f3n al Empleo,\u00a0que faculta el acceso a prestaciones del Seguro de Desempleo bajo circunstancias excepcionales y&hellip; <\/p>\n","protected":false},"author":2,"featured_media":22235,"comment_status":"open","ping_status":"closed","sticky":false,"template":"","format":"standard","meta":{"footnotes":""},"categories":[37],"tags":[],"class_list":["post-22698","post","type-post","status-publish","format-standard","has-post-thumbnail","hentry","category-nacional"],"_links":{"self":[{"href":"https:\/\/www.radioamigavallenar.cl\/index.php?rest_route=\/wp\/v2\/posts\/22698","targetHints":{"allow":["GET"]}}],"collection":[{"href":"https:\/\/www.radioamigavallenar.cl\/index.php?rest_route=\/wp\/v2\/posts"}],"about":[{"href":"https:\/\/www.radioamigavallenar.cl\/index.php?rest_route=\/wp\/v2\/types\/post"}],"author":[{"embeddable":true,"href":"https:\/\/www.radioamigavallenar.cl\/index.php?rest_route=\/wp\/v2\/users\/2"}],"replies":[{"embeddable":true,"href":"https:\/\/www.radioamigavallenar.cl\/index.php?rest_route=%2Fwp%2Fv2%2Fcomments&post=22698"}],"version-history":[{"count":0,"href":"https:\/\/www.radioamigavallenar.cl\/index.php?rest_route=\/wp\/v2\/posts\/22698\/revisions"}],"wp:featuredmedia":[{"embeddable":true,"href":"https:\/\/www.radioamigavallenar.cl\/index.php?rest_route=\/wp\/v2\/media\/22235"}],"wp:attachment":[{"href":"https:\/\/www.radioamigavallenar.cl\/index.php?rest_route=%2Fwp%2Fv2%2Fmedia&parent=22698"}],"wp:term":[{"taxonomy":"category","embeddable":true,"href":"https:\/\/www.radioamigavallenar.cl\/index.php?rest_route=%2Fwp%2Fv2%2Fcategories&post=22698"},{"taxonomy":"post_tag","embeddable":true,"href":"https:\/\/www.radioamigavallenar.cl\/index.php?rest_route=%2Fwp%2Fv2%2Ftags&post=22698"}],"curies":[{"name":"wp","href":"https:\/\/api.w.org\/{rel}","templated":true}]}}