{"id":22695,"date":"2020-04-01T11:58:05","date_gmt":"2020-04-01T14:58:05","guid":{"rendered":"https:\/\/www.radioamigavallenar.cl\/?p=22695"},"modified":"2020-04-01T11:58:06","modified_gmt":"2020-04-01T14:58:06","slug":"afp-proyecto-propone-entrega-por-unica-vez-de-hasta-2-millones-de-pesos-a-afiliados","status":"publish","type":"post","link":"https:\/\/www.radioamigavallenar.cl\/?p=22695","title":{"rendered":"AFP: Proyecto propone entrega por \u00fanica vez de hasta 2 millones de pesos a afiliados"},"content":{"rendered":"\n<div class=\"wp-block-image\"><figure class=\"aligncenter size-large\"><img loading=\"lazy\" decoding=\"async\" width=\"1024\" height=\"576\" src=\"https:\/\/www.radioamigavallenar.cl\/wp-content\/uploads\/2020\/04\/foto_0000000120200401113537-1024x576.jpg\" alt=\"\" class=\"wp-image-22696\" srcset=\"https:\/\/www.radioamigavallenar.cl\/wp-content\/uploads\/2020\/04\/foto_0000000120200401113537-1024x576.jpg 1024w, https:\/\/www.radioamigavallenar.cl\/wp-content\/uploads\/2020\/04\/foto_0000000120200401113537-300x169.jpg 300w, https:\/\/www.radioamigavallenar.cl\/wp-content\/uploads\/2020\/04\/foto_0000000120200401113537-768x432.jpg 768w, https:\/\/www.radioamigavallenar.cl\/wp-content\/uploads\/2020\/04\/foto_0000000120200401113537.jpg 1130w\" sizes=\"auto, (max-width: 1024px) 100vw, 1024px\" \/><\/figure><\/div>\n\n\n\n<p>Los senadores Bianchi, Navarro y Provoste patrocinan el texto, que beneficiar\u00eda a trabajadores o jubilados, desde los 60 a\u00f1os.<\/p>\n\n\n\n<p>El\u00a0escenario econ\u00f3mico mundial y nacional, marcado por la pandemia del\u00a0Covid-19,\u00a0justifica que los afiliados a las AFP mayores de 60 a\u00f1os reciban por \u00fanica vez un monto l\u00edquido, \u00abcon el fin de poder robustecer m\u00ednimamente sus ingresos, a\u00fan cuando ello debilite el ahorro individual\u00bb.<\/p>\n\n\n\n<p>As\u00ed explican los senadores Carlos Bianchi (Ind), Alejandro Navarro (PRO) y Yasna Provoste (DC) el proyecto de ley que patrocinan, que plantea el\u00a0pago a cuenta de sus propios fondos previsionales de hasta 2 millones de pesos a los cotizantes.<\/p>\n\n\n\n<p>La propuesta apunta a la entrega del monto en tres cuotas mensuales iguales, a contar del pr\u00f3ximo 5 de abril.<\/p>\n\n\n\n<p>El art\u00edculo \u00fanico del texto establece 3 tramos, de acuerdo a la edad de los afiliados:<\/p>\n\n\n\n<ul class=\"wp-block-list\"><li><strong>Entre 60 y 64 a\u00f1os: 1 mill\u00f3n de pesos<\/strong><\/li><li><strong>Entre 65 y 69 a\u00f1os: 1,5 millones de pesos<\/strong><\/li><li><strong>Sobre 70 a\u00f1os: 2 millones de pesos<\/strong><\/li><\/ul>\n\n\n\n<p>\u00abLlegar\u00e1 el momento para debatir sobre el sistema de pensiones, por ahora se requiere una ley que permita tener recursos frescos y disponibles en momento de crisis para los adultos mayores\u00bb, explic\u00f3 Navarro.<\/p>\n\n\n\n<p>\u00abEspero que el Ejecutivo tome nuestros planteamientos, patrocine nuestro proyecto\u00a0o por el contrario, le proponga al Congreso y al pa\u00eds, una f\u00f3rmula que permita a nuestros adultos mayores retirar recursos l\u00edquidos de sus fondos de pensiones\u00bb, resumi\u00f3 el parlamentario por el Biob\u00edo.<\/p>\n","protected":false},"excerpt":{"rendered":"<p>Los senadores Bianchi, Navarro y Provoste patrocinan el texto, que beneficiar\u00eda a trabajadores o jubilados, desde los 60 a\u00f1os. El\u00a0escenario econ\u00f3mico mundial y nacional, marcado&hellip; <\/p>\n","protected":false},"author":2,"featured_media":22696,"comment_status":"open","ping_status":"closed","sticky":false,"template":"","format":"standard","meta":{"footnotes":""},"categories":[37],"tags":[],"class_list":["post-22695","post","type-post","status-publish","format-standard","has-post-thumbnail","hentry","category-nacional"],"_links":{"self":[{"href":"https:\/\/www.radioamigavallenar.cl\/index.php?rest_route=\/wp\/v2\/posts\/22695","targetHints":{"allow":["GET"]}}],"collection":[{"href":"https:\/\/www.radioamigavallenar.cl\/index.php?rest_route=\/wp\/v2\/posts"}],"about":[{"href":"https:\/\/www.radioamigavallenar.cl\/index.php?rest_route=\/wp\/v2\/types\/post"}],"author":[{"embeddable":true,"href":"https:\/\/www.radioamigavallenar.cl\/index.php?rest_route=\/wp\/v2\/users\/2"}],"replies":[{"embeddable":true,"href":"https:\/\/www.radioamigavallenar.cl\/index.php?rest_route=%2Fwp%2Fv2%2Fcomments&post=22695"}],"version-history":[{"count":0,"href":"https:\/\/www.radioamigavallenar.cl\/index.php?rest_route=\/wp\/v2\/posts\/22695\/revisions"}],"wp:featuredmedia":[{"embeddable":true,"href":"https:\/\/www.radioamigavallenar.cl\/index.php?rest_route=\/wp\/v2\/media\/22696"}],"wp:attachment":[{"href":"https:\/\/www.radioamigavallenar.cl\/index.php?rest_route=%2Fwp%2Fv2%2Fmedia&parent=22695"}],"wp:term":[{"taxonomy":"category","embeddable":true,"href":"https:\/\/www.radioamigavallenar.cl\/index.php?rest_route=%2Fwp%2Fv2%2Fcategories&post=22695"},{"taxonomy":"post_tag","embeddable":true,"href":"https:\/\/www.radioamigavallenar.cl\/index.php?rest_route=%2Fwp%2Fv2%2Ftags&post=22695"}],"curies":[{"name":"wp","href":"https:\/\/api.w.org\/{rel}","templated":true}]}}