{"id":22692,"date":"2020-04-01T11:53:57","date_gmt":"2020-04-01T14:53:57","guid":{"rendered":"https:\/\/www.radioamigavallenar.cl\/?p=22692"},"modified":"2020-04-01T11:53:58","modified_gmt":"2020-04-01T14:53:58","slug":"con-4-nuevos-muertos-chile-suma-16-fallecidos-y-supera-los-3-mil-casos-confirmados-de-coronavirus","status":"publish","type":"post","link":"https:\/\/www.radioamigavallenar.cl\/?p=22692","title":{"rendered":"Con 4 nuevos muertos Chile suma 16 fallecidos y supera los 3 mil casos confirmados de coronavirus"},"content":{"rendered":"\n<div class=\"wp-block-image\"><figure class=\"aligncenter size-large\"><img loading=\"lazy\" decoding=\"async\" width=\"750\" height=\"400\" src=\"https:\/\/www.radioamigavallenar.cl\/wp-content\/uploads\/2020\/04\/con-4-nuevos-muertos-chile-suma-16-fallecidos-y-supera-los-3-mil-casos-confirmados-de-coronavirus-2-750x400-1.jpg\" alt=\"\" class=\"wp-image-22693\" srcset=\"https:\/\/www.radioamigavallenar.cl\/wp-content\/uploads\/2020\/04\/con-4-nuevos-muertos-chile-suma-16-fallecidos-y-supera-los-3-mil-casos-confirmados-de-coronavirus-2-750x400-1.jpg 750w, https:\/\/www.radioamigavallenar.cl\/wp-content\/uploads\/2020\/04\/con-4-nuevos-muertos-chile-suma-16-fallecidos-y-supera-los-3-mil-casos-confirmados-de-coronavirus-2-750x400-1-300x160.jpg 300w\" sizes=\"auto, (max-width: 750px) 100vw, 750px\" \/><\/figure><\/div>\n\n\n\n<p>El Ministerio de Salud (Minsal) inform\u00f3 la ma\u00f1ana de este mi\u00e9rcoles que se reportaron&nbsp;<strong>293 nuevos casos<\/strong>&nbsp;de Covid-19 (coronavirus), con lo que el total nacional llega a los 3.031 contagios.<\/p>\n\n\n\n<p>El corte de las cifras se realiza a las 21:00 horas del d\u00eda anterior, es decir los n\u00fameros dados a conocer durante esta jornada corresponden a los casos confirmados hasta ayer martes a esa hora.<\/p>\n\n\n\n<p>Asimismo se reportaron\u00a0cuatro nuevos fallecidos. Todos corresponden a adultos mayores: dos en La Araucan\u00eda, uno en la regi\u00f3n Metropolitana y otro en Los R\u00edos.<\/p>\n\n\n\n<p>As\u00ed, el total de decesos llega a 16.<\/p>\n\n\n\n<p>Seg\u00fan inform\u00f3 el ministro Jaime Ma\u00f1alich hubo 234 pacientes recuperados.<\/p>\n","protected":false},"excerpt":{"rendered":"<p>El Ministerio de Salud (Minsal) inform\u00f3 la ma\u00f1ana de este mi\u00e9rcoles que se reportaron&nbsp;293 nuevos casos&nbsp;de Covid-19 (coronavirus), con lo que el total nacional llega&hellip; <\/p>\n","protected":false},"author":2,"featured_media":22693,"comment_status":"open","ping_status":"closed","sticky":false,"template":"","format":"standard","meta":{"footnotes":""},"categories":[37],"tags":[],"class_list":["post-22692","post","type-post","status-publish","format-standard","has-post-thumbnail","hentry","category-nacional"],"_links":{"self":[{"href":"https:\/\/www.radioamigavallenar.cl\/index.php?rest_route=\/wp\/v2\/posts\/22692","targetHints":{"allow":["GET"]}}],"collection":[{"href":"https:\/\/www.radioamigavallenar.cl\/index.php?rest_route=\/wp\/v2\/posts"}],"about":[{"href":"https:\/\/www.radioamigavallenar.cl\/index.php?rest_route=\/wp\/v2\/types\/post"}],"author":[{"embeddable":true,"href":"https:\/\/www.radioamigavallenar.cl\/index.php?rest_route=\/wp\/v2\/users\/2"}],"replies":[{"embeddable":true,"href":"https:\/\/www.radioamigavallenar.cl\/index.php?rest_route=%2Fwp%2Fv2%2Fcomments&post=22692"}],"version-history":[{"count":0,"href":"https:\/\/www.radioamigavallenar.cl\/index.php?rest_route=\/wp\/v2\/posts\/22692\/revisions"}],"wp:featuredmedia":[{"embeddable":true,"href":"https:\/\/www.radioamigavallenar.cl\/index.php?rest_route=\/wp\/v2\/media\/22693"}],"wp:attachment":[{"href":"https:\/\/www.radioamigavallenar.cl\/index.php?rest_route=%2Fwp%2Fv2%2Fmedia&parent=22692"}],"wp:term":[{"taxonomy":"category","embeddable":true,"href":"https:\/\/www.radioamigavallenar.cl\/index.php?rest_route=%2Fwp%2Fv2%2Fcategories&post=22692"},{"taxonomy":"post_tag","embeddable":true,"href":"https:\/\/www.radioamigavallenar.cl\/index.php?rest_route=%2Fwp%2Fv2%2Ftags&post=22692"}],"curies":[{"name":"wp","href":"https:\/\/api.w.org\/{rel}","templated":true}]}}