{"id":22689,"date":"2020-04-01T11:51:49","date_gmt":"2020-04-01T14:51:49","guid":{"rendered":"https:\/\/www.radioamigavallenar.cl\/?p=22689"},"modified":"2020-04-01T11:51:50","modified_gmt":"2020-04-01T14:51:50","slug":"nueva-atacama-comienza-a-operar-oficialmente-y-culmina-obras-por-8-300-millones-en-mejoras-de-calidad-de-agua","status":"publish","type":"post","link":"https:\/\/www.radioamigavallenar.cl\/?p=22689","title":{"rendered":"Nueva Atacama comienza a operar oficialmente y culmina obras por $8.300 millones en mejoras de calidad de agua"},"content":{"rendered":"\n<div class=\"wp-block-image\"><figure class=\"aligncenter size-large\"><img loading=\"lazy\" decoding=\"async\" width=\"720\" height=\"720\" src=\"https:\/\/www.radioamigavallenar.cl\/wp-content\/uploads\/2020\/04\/NUEVA-ATACAMA-01-04-2020-e1585749393751.jpg\" alt=\"\" class=\"wp-image-22690\" srcset=\"https:\/\/www.radioamigavallenar.cl\/wp-content\/uploads\/2020\/04\/NUEVA-ATACAMA-01-04-2020-e1585749393751.jpg 720w, https:\/\/www.radioamigavallenar.cl\/wp-content\/uploads\/2020\/04\/NUEVA-ATACAMA-01-04-2020-e1585749393751-300x300.jpg 300w, https:\/\/www.radioamigavallenar.cl\/wp-content\/uploads\/2020\/04\/NUEVA-ATACAMA-01-04-2020-e1585749393751-150x150.jpg 150w\" sizes=\"auto, (max-width: 720px) 100vw, 720px\" \/><\/figure><\/div>\n\n\n\n<p><strong>La compa\u00f1\u00eda realiz\u00f3 un plan espec\u00edfico de inversi\u00f3n, concentrado en las comunas de Copiap\u00f3, Tierra Amarilla y Cha\u00f1aral.<\/strong><\/p>\n\n\n\n<p>La empresa de servicios sanitarios Aguas Cha\u00f1ar pas\u00f3 a llamarse oficialmente Nueva Atacama. Un cambio de nombre que, como adelant\u00f3 la compa\u00f1\u00eda a la comunidad d\u00edas atr\u00e1s, apela al cumplimiento de compromisos asumidos y al inicio de una nueva etapa para continuar su plan de mejoras en calidad y servicio en beneficio de la comunidad de la regi\u00f3n.<\/p>\n\n\n\n<p>Copiap\u00f3, Tierra Amarilla y Cha\u00f1aral son las comunas que se est\u00e1n viendo beneficiadas con esta nueva etapa del plan de calidad, que comprometi\u00f3 mejorar, entre otras cosas, el sabor del suministro. De hecho, esta fue una de las principales solicitudes por parte de la comunidad y las autoridades regionales al momento que Aguas Nuevas sumara la compa\u00f1\u00eda al grupo, en agosto de 2018.<\/p>\n\n\n\n<p>Innovaciones<\/p>\n\n\n\n<p>Una ampliaci\u00f3n de cuatro a seis m\u00f3dulos en la planta de purificaci\u00f3n de Placilla Sierralta y una serie de modificaciones en las redes actuales son parte de las transformaciones que se han implementado en Copiap\u00f3, con el fin de garantizar una buena distribuci\u00f3n del agua potable en la ciudad y en sectores como El Palomar y Rosario.<\/p>\n\n\n\n<p>Asimismo, la incorporaci\u00f3n de una nueva planta de filtros, con un sistema de captaci\u00f3n de agua superficial en el sector de Algarrobo, es parte de las novedades para Tierra Amarilla, posicion\u00e1ndose como la primera de su tipo en la regi\u00f3n: la unidad ser\u00e1 capaz de producir 70 litros por segundo para abastecer a la comuna y un sector de Paipote, con suministro de calidad.<\/p>\n\n\n\n<p>Para Cha\u00f1aral, en tanto, los cambios se enfocan en la b\u00fasqueda de una soluci\u00f3n que permite enviar el agua potable desde la planta de purificaci\u00f3n de Cancha Rayada -en Copiap\u00f3- hacia la localidad costera, lo que se logr\u00f3 por medio de un proyecto de ingenier\u00eda que garantiza la calidad del servicio.<\/p>\n\n\n\n<p>\u201cNueva Atacama representa un nueva etapa en t\u00e9rminos de compromisos, tanto en temas de infraestructura como de calidad y excelencia de servicio para la comunidad que atendemos en la regi\u00f3n\u201d, afirm\u00f3 el gerente regional de la empresa, Carlos Barboza.<\/p>\n\n\n\n<p>Este no es el \u00fanico plan de inversi\u00f3n que ha ejecutado la compa\u00f1\u00eda; en 2018 destin\u00f3 UF 912.000 -casi $ 26.000 millones- en proyectos que tambi\u00e9n apuntaban a mejorar la calidad de vida de la comunidad, correspondiendo UF 600.000 -unos $ 17.100 millones en inversi\u00f3n solo en 2019.<\/p>\n\n\n\n<p>\u201cEstamos orgullosos del compromiso y desempe\u00f1o que hemos tenido por parte de todos nuestros colaboradores en este nuevo desaf\u00edo. Ese valor, se transmite en cada jornada de trabajo y en el logro de cada uno de los compromisos que nos hemos planteado como Nueva Atacama\u201d, sostuvo Barboza.<\/p>\n\n\n\n<p>La inversi\u00f3n proyectada para el 2020 es cercana a los $9.000 millones, siguiendo con apuntar a las mejoras que espera la comunidad para satisfacer las necesidades que esperan de la empresa.<\/p>\n","protected":false},"excerpt":{"rendered":"<p>La compa\u00f1\u00eda realiz\u00f3 un plan espec\u00edfico de inversi\u00f3n, concentrado en las comunas de Copiap\u00f3, Tierra Amarilla y Cha\u00f1aral. La empresa de servicios sanitarios Aguas Cha\u00f1ar&hellip; <\/p>\n","protected":false},"author":2,"featured_media":22690,"comment_status":"open","ping_status":"closed","sticky":false,"template":"","format":"standard","meta":{"footnotes":""},"categories":[7],"tags":[],"class_list":["post-22689","post","type-post","status-publish","format-standard","has-post-thumbnail","hentry","category-atacama"],"_links":{"self":[{"href":"https:\/\/www.radioamigavallenar.cl\/index.php?rest_route=\/wp\/v2\/posts\/22689","targetHints":{"allow":["GET"]}}],"collection":[{"href":"https:\/\/www.radioamigavallenar.cl\/index.php?rest_route=\/wp\/v2\/posts"}],"about":[{"href":"https:\/\/www.radioamigavallenar.cl\/index.php?rest_route=\/wp\/v2\/types\/post"}],"author":[{"embeddable":true,"href":"https:\/\/www.radioamigavallenar.cl\/index.php?rest_route=\/wp\/v2\/users\/2"}],"replies":[{"embeddable":true,"href":"https:\/\/www.radioamigavallenar.cl\/index.php?rest_route=%2Fwp%2Fv2%2Fcomments&post=22689"}],"version-history":[{"count":0,"href":"https:\/\/www.radioamigavallenar.cl\/index.php?rest_route=\/wp\/v2\/posts\/22689\/revisions"}],"wp:featuredmedia":[{"embeddable":true,"href":"https:\/\/www.radioamigavallenar.cl\/index.php?rest_route=\/wp\/v2\/media\/22690"}],"wp:attachment":[{"href":"https:\/\/www.radioamigavallenar.cl\/index.php?rest_route=%2Fwp%2Fv2%2Fmedia&parent=22689"}],"wp:term":[{"taxonomy":"category","embeddable":true,"href":"https:\/\/www.radioamigavallenar.cl\/index.php?rest_route=%2Fwp%2Fv2%2Fcategories&post=22689"},{"taxonomy":"post_tag","embeddable":true,"href":"https:\/\/www.radioamigavallenar.cl\/index.php?rest_route=%2Fwp%2Fv2%2Ftags&post=22689"}],"curies":[{"name":"wp","href":"https:\/\/api.w.org\/{rel}","templated":true}]}}