{"id":22684,"date":"2020-04-01T10:27:48","date_gmt":"2020-04-01T13:27:48","guid":{"rendered":"https:\/\/www.radioamigavallenar.cl\/?p=22684"},"modified":"2020-04-01T10:27:49","modified_gmt":"2020-04-01T13:27:49","slug":"unidades-penales-de-atacama-ponen-en-marcha-sistema-de-visitas-online","status":"publish","type":"post","link":"https:\/\/www.radioamigavallenar.cl\/?p=22684","title":{"rendered":"Unidades penales de Atacama ponen en marcha sistema de visitas online"},"content":{"rendered":"\n<div class=\"wp-block-image\"><figure class=\"aligncenter size-large\"><img decoding=\"async\" src=\"https:\/\/www.radioamigavallenar.cl\/wp-content\/uploads\/2020\/04\/penales-1.png\" alt=\"\" class=\"wp-image-22686\"\/><\/figure><\/div>\n\n\n\n<p><strong>Gendarmer\u00eda puso en marcha un sistema de video llamadas que permite a las personas privadas de libertad comunicarse con sus familiares y acceder a audiencias de manera online.<\/strong><\/p>\n\n\n\n<p>\u201cDe acuerdo al plan de contingencia nacional de Gendarmer\u00eda de Chile ante la emergencia sanitaria por el brote del COVID-19, se ha puesto en marcha un plan que permitir\u00e1 a los privados de libertad, contactar con sus familiares por videoconferencia. Se trata de un plan piloto a nivel nacional y que ya comenz\u00f3 a funcionar en las c\u00e1rceles de la regi\u00f3n de Atacama, permitiendo esta manera bajar los niveles de ansiedad de la poblaci\u00f3n penal\u201d, explic\u00f3 el director regional de Gendarmer\u00eda, Coronel V\u00edctor Vera Bustos.<\/p>\n\n\n\n<p>Agreg\u00f3 que \u201cse puso en marcha el sistema de videoconferencias, los que se utilizan en declaraciones judiciales en las que no es estrictamente necesario que el interno\/a comparezca f\u00edsicamente ante el magistrado o el tribunal\u201d.<\/p>\n\n\n\n<p>En la misma l\u00ednea, la seremi de Justicia y Derechos Humanos, Margarita Contreras, manifest\u00f3 que \u201cestamos muy contentos como ministerio con la activaci\u00f3n de este sistema, porque nos permite garantizar el contacto de las personas privadas de libertad con sus seres queridos y de esta manera evitar el acceso de visitas, protegiendo la salud de las personas privadas de libertad, sus familias y nuestros funcionarios\u201d.<\/p>\n\n\n\n<p>La primera visita on line para la poblaci\u00f3n penal se realiz\u00f3 el lunes, entre una interna de la secci\u00f3n lactantes del Centro de Cumplimiento Penitenciario de Copiap\u00f3 (CCP) y su pareja que se encuentra interno en la unidad penal de Vallenar.<\/p>\n","protected":false},"excerpt":{"rendered":"<p>Gendarmer\u00eda puso en marcha un sistema de video llamadas que permite a las personas privadas de libertad comunicarse con sus familiares y acceder a audiencias&hellip; <\/p>\n","protected":false},"author":2,"featured_media":0,"comment_status":"open","ping_status":"closed","sticky":false,"template":"","format":"standard","meta":{"footnotes":""},"categories":[7,6,1,2],"tags":[],"class_list":["post-22684","post","type-post","status-publish","format-standard","hentry","category-atacama","category-policial","category-provincia-del-huasco-2","category-vallenar"],"_links":{"self":[{"href":"https:\/\/www.radioamigavallenar.cl\/index.php?rest_route=\/wp\/v2\/posts\/22684","targetHints":{"allow":["GET"]}}],"collection":[{"href":"https:\/\/www.radioamigavallenar.cl\/index.php?rest_route=\/wp\/v2\/posts"}],"about":[{"href":"https:\/\/www.radioamigavallenar.cl\/index.php?rest_route=\/wp\/v2\/types\/post"}],"author":[{"embeddable":true,"href":"https:\/\/www.radioamigavallenar.cl\/index.php?rest_route=\/wp\/v2\/users\/2"}],"replies":[{"embeddable":true,"href":"https:\/\/www.radioamigavallenar.cl\/index.php?rest_route=%2Fwp%2Fv2%2Fcomments&post=22684"}],"version-history":[{"count":0,"href":"https:\/\/www.radioamigavallenar.cl\/index.php?rest_route=\/wp\/v2\/posts\/22684\/revisions"}],"wp:attachment":[{"href":"https:\/\/www.radioamigavallenar.cl\/index.php?rest_route=%2Fwp%2Fv2%2Fmedia&parent=22684"}],"wp:term":[{"taxonomy":"category","embeddable":true,"href":"https:\/\/www.radioamigavallenar.cl\/index.php?rest_route=%2Fwp%2Fv2%2Fcategories&post=22684"},{"taxonomy":"post_tag","embeddable":true,"href":"https:\/\/www.radioamigavallenar.cl\/index.php?rest_route=%2Fwp%2Fv2%2Ftags&post=22684"}],"curies":[{"name":"wp","href":"https:\/\/api.w.org\/{rel}","templated":true}]}}