{"id":22678,"date":"2020-04-01T10:21:30","date_gmt":"2020-04-01T13:21:30","guid":{"rendered":"https:\/\/www.radioamigavallenar.cl\/?p=22678"},"modified":"2020-04-01T10:21:32","modified_gmt":"2020-04-01T13:21:32","slug":"diputada-sofia-cid-comento-las-cifras-de-desempleo-en-atacama","status":"publish","type":"post","link":"https:\/\/www.radioamigavallenar.cl\/?p=22678","title":{"rendered":"Diputada Sof\u00eda Cid coment\u00f3 las cifras de desempleo en Atacama"},"content":{"rendered":"\n<div class=\"wp-block-image\"><figure class=\"aligncenter size-large\"><img loading=\"lazy\" decoding=\"async\" width=\"800\" height=\"533\" src=\"https:\/\/www.radioamigavallenar.cl\/wp-content\/uploads\/2020\/04\/Sof\u00eda-Cid-INE-marzo-2020-e1585709506196.jpg\" alt=\"\" class=\"wp-image-22679\" srcset=\"https:\/\/www.radioamigavallenar.cl\/wp-content\/uploads\/2020\/04\/Sof\u00eda-Cid-INE-marzo-2020-e1585709506196.jpg 800w, https:\/\/www.radioamigavallenar.cl\/wp-content\/uploads\/2020\/04\/Sof\u00eda-Cid-INE-marzo-2020-e1585709506196-300x200.jpg 300w, https:\/\/www.radioamigavallenar.cl\/wp-content\/uploads\/2020\/04\/Sof\u00eda-Cid-INE-marzo-2020-e1585709506196-768x512.jpg 768w\" sizes=\"auto, (max-width: 800px) 100vw, 800px\" \/><\/figure><\/div>\n\n\n\n<p><strong>Hizo un llamado a cuidar el empleo y a que la banca apoye a las personas y pymes<\/strong><\/p>\n\n\n\n<p>\u201cHa sido m\u00ednimo el cambio en la cifra del desempleo en Atacama respecto del mes anterior, seg\u00fan lo inform\u00f3 esta ma\u00f1ana el INE, de un 7,6%, marcando una baja del 0,1% solamente en el trimestre de referencia, disminuyendo en un 0,1% en doce meses. Adem\u00e1s tambi\u00e9n tenemos una tasa de participaci\u00f3n en la fuerza de trabajo del 64,1%\u201d, coment\u00f3 la parlamentaria.<\/p>\n\n\n\n<p>\u201cPor un lado es muy comprensible que las cifras no tengan una mayor variaci\u00f3n, dado el contexto que estamos viviendo, como regi\u00f3n y como pa\u00eds, en el contexto de la emergencia sanitaria. Ahora bien, lo m\u00e1s probable es que estos mismos indicadores tengan cifras menos favorables en los pr\u00f3ximos meses, ya que las consecuencias en el empleo se van a sentir de manera m\u00e1s dr\u00e1stica en la siguiente medici\u00f3n\u201d enfatiz\u00f3 Sof\u00eda Cid.<\/p>\n\n\n\n<p>La Diputada dijo que \u201cEn estos momentos de emergencia sanitaria por coronavirus, debemos tomar una actitud m\u00e1s precavida, cuidar nuestras fuentes de empleo, donde el mundo empresarial debe hacer los ajustes necesarios, pero que tengan el menor costo para los trabajadores, ya que detr\u00e1s de cada persona que pierde su empleo, hay una familia. Es muy relevante que podamos aprobar en la el congreso la ley que permitir\u00e1 a trav\u00e9s del seguro de desempleo que miles de trabajadores no pierdan su fuente laboral\u201d.<\/p>\n\n\n\n<p>Cid Versalovic agreg\u00f3 que \u201cuna de las cosas que m\u00e1s me preocupa como parlamentaria, es que siempre en estos ciclos, es el empleo de las mujeres el que m\u00e1s se ve afectado, ya que el desempleo en las mujeres sigue siendo alto y preocupante, tanto a nivel nacional como regional, tasa del 8.1 en Atacama y en el pa\u00eds de 8,8\u201d mencion\u00f3 Cid Versalovic.<\/p>\n\n\n\n<p>Si bien las \u00faltimas cifras de desempleo no alcanzaron los dos d\u00edgitos,&nbsp; de igual forma nos deja en un escenario complejo para enfrentar las consecuencias que dejar\u00e1 en el empleo la propagaci\u00f3n del coronavirus (Covid-19), tanto en Chile como en el mundo. Por lo anterior, la Diputada RN tambi\u00e9n se refiri\u00f3 al apoyo que le debemos entregar a los productores locales, \u201cnosotros mismos como consumidores, en la propia regi\u00f3n, debemos entregar nuestro apoyo a todos nuestros productores locales, ya que de esa manera aportamos a mantener activas las econom\u00edas locales en cada comuna, tomando una actitud m\u00e1s solidaria\u201d dijo la legisladora por Atacama.<\/p>\n\n\n\n<p>Al finalizar hizo un llamado a la Banca: \u201cpara que tome medidas de verdad que apoyen a las empresas y personas, postergando cr\u00e9ditos de consumo e hipotecarios y flexibilizando la forma de conseguir efectivo&nbsp; de esa manera podremos proteger el empleo especialmente en las mipymes que dan el 70% de ellos\u201d.<\/p>\n","protected":false},"excerpt":{"rendered":"<p>Hizo un llamado a cuidar el empleo y a que la banca apoye a las personas y pymes \u201cHa sido m\u00ednimo el cambio en la&hellip; <\/p>\n","protected":false},"author":2,"featured_media":22679,"comment_status":"open","ping_status":"closed","sticky":false,"template":"","format":"standard","meta":{"footnotes":""},"categories":[7],"tags":[],"class_list":["post-22678","post","type-post","status-publish","format-standard","has-post-thumbnail","hentry","category-atacama"],"_links":{"self":[{"href":"https:\/\/www.radioamigavallenar.cl\/index.php?rest_route=\/wp\/v2\/posts\/22678","targetHints":{"allow":["GET"]}}],"collection":[{"href":"https:\/\/www.radioamigavallenar.cl\/index.php?rest_route=\/wp\/v2\/posts"}],"about":[{"href":"https:\/\/www.radioamigavallenar.cl\/index.php?rest_route=\/wp\/v2\/types\/post"}],"author":[{"embeddable":true,"href":"https:\/\/www.radioamigavallenar.cl\/index.php?rest_route=\/wp\/v2\/users\/2"}],"replies":[{"embeddable":true,"href":"https:\/\/www.radioamigavallenar.cl\/index.php?rest_route=%2Fwp%2Fv2%2Fcomments&post=22678"}],"version-history":[{"count":0,"href":"https:\/\/www.radioamigavallenar.cl\/index.php?rest_route=\/wp\/v2\/posts\/22678\/revisions"}],"wp:featuredmedia":[{"embeddable":true,"href":"https:\/\/www.radioamigavallenar.cl\/index.php?rest_route=\/wp\/v2\/media\/22679"}],"wp:attachment":[{"href":"https:\/\/www.radioamigavallenar.cl\/index.php?rest_route=%2Fwp%2Fv2%2Fmedia&parent=22678"}],"wp:term":[{"taxonomy":"category","embeddable":true,"href":"https:\/\/www.radioamigavallenar.cl\/index.php?rest_route=%2Fwp%2Fv2%2Fcategories&post=22678"},{"taxonomy":"post_tag","embeddable":true,"href":"https:\/\/www.radioamigavallenar.cl\/index.php?rest_route=%2Fwp%2Fv2%2Ftags&post=22678"}],"curies":[{"name":"wp","href":"https:\/\/api.w.org\/{rel}","templated":true}]}}