{"id":22675,"date":"2020-04-01T10:18:33","date_gmt":"2020-04-01T13:18:33","guid":{"rendered":"https:\/\/www.radioamigavallenar.cl\/?p=22675"},"modified":"2020-04-01T10:18:34","modified_gmt":"2020-04-01T13:18:34","slug":"armada-confirma-primer-caso-de-marino-contagiado-en-chile-con-covid-19","status":"publish","type":"post","link":"https:\/\/www.radioamigavallenar.cl\/?p=22675","title":{"rendered":"Armada confirma primer caso de marino contagiado en Chile con COVID-19"},"content":{"rendered":"\n<div class=\"wp-block-image\"><figure class=\"aligncenter size-large\"><img loading=\"lazy\" decoding=\"async\" width=\"800\" height=\"533\" src=\"https:\/\/www.radioamigavallenar.cl\/wp-content\/uploads\/2020\/04\/Armada-Aton-e1585740024676.jpg\" alt=\"\" class=\"wp-image-22676\" srcset=\"https:\/\/www.radioamigavallenar.cl\/wp-content\/uploads\/2020\/04\/Armada-Aton-e1585740024676.jpg 800w, https:\/\/www.radioamigavallenar.cl\/wp-content\/uploads\/2020\/04\/Armada-Aton-e1585740024676-300x200.jpg 300w, https:\/\/www.radioamigavallenar.cl\/wp-content\/uploads\/2020\/04\/Armada-Aton-e1585740024676-768x512.jpg 768w\" sizes=\"auto, (max-width: 800px) 100vw, 800px\" \/><\/figure><\/div>\n\n\n\n<p>Seg\u00fan inform\u00f3 la Tercera Zona Naval, se trata de un marino que presta servicios en Punta Arenas. El caso ya fue notificado por las autoridades de Salud de Magallanes.<\/p>\n\n\n\n<p>La Armada confirm\u00f3 el primer caso de covid-19 de uno de sus efectivos en Chile. Seg\u00fan inform\u00f3 la Tercera Zona Naval,\u00a0se trata de un marino que presta servicios en Punta Arenas.<strong>\u00a0<\/strong>El caso ya fue notificado por las autoridades de Salud de Magallanes.<\/p>\n\n\n\n<p>El marino forma parte de la tripulaci\u00f3n del&nbsp;<strong>buque ATF Galvarino<\/strong>&nbsp;y ya se encuentra en tierra cumpliendo cuarentena en \u201cdependencias institucionales debidamente habilitadas para tal efecto\u201d, de acuerdo a un comunicado de la Armada.<\/p>\n\n\n\n<p>El resto de la tripulaci\u00f3n, en tanto, se mantiene en cuarentena preventiva desde hace tres d\u00edas y a bordo del buque, \u201csin posibilidad de bajar a tierra por los pr\u00f3ximos 14 d\u00edas\u201d, agreg\u00f3 el comunicado institucional.<\/p>\n\n\n\n<p>\u201cLa Tercera Zona Naval mantiene una estrecha coordinaci\u00f3n con la autoridad sanitaria y la totalidad de protocolos que corresponden han sido activados\u201d, concluy\u00f3 la nota oficial<\/p>\n\n\n\n<p>Antes de conocerse este caso, otros seis marinos chilenos que cumplen funciones en Sydney, Australia, fueron confirmados por la Armada como contagios positivos.<\/p>\n","protected":false},"excerpt":{"rendered":"<p>Seg\u00fan inform\u00f3 la Tercera Zona Naval, se trata de un marino que presta servicios en Punta Arenas. El caso ya fue notificado por las autoridades&hellip; <\/p>\n","protected":false},"author":2,"featured_media":22676,"comment_status":"open","ping_status":"closed","sticky":false,"template":"","format":"standard","meta":{"footnotes":""},"categories":[37],"tags":[],"class_list":["post-22675","post","type-post","status-publish","format-standard","has-post-thumbnail","hentry","category-nacional"],"_links":{"self":[{"href":"https:\/\/www.radioamigavallenar.cl\/index.php?rest_route=\/wp\/v2\/posts\/22675","targetHints":{"allow":["GET"]}}],"collection":[{"href":"https:\/\/www.radioamigavallenar.cl\/index.php?rest_route=\/wp\/v2\/posts"}],"about":[{"href":"https:\/\/www.radioamigavallenar.cl\/index.php?rest_route=\/wp\/v2\/types\/post"}],"author":[{"embeddable":true,"href":"https:\/\/www.radioamigavallenar.cl\/index.php?rest_route=\/wp\/v2\/users\/2"}],"replies":[{"embeddable":true,"href":"https:\/\/www.radioamigavallenar.cl\/index.php?rest_route=%2Fwp%2Fv2%2Fcomments&post=22675"}],"version-history":[{"count":0,"href":"https:\/\/www.radioamigavallenar.cl\/index.php?rest_route=\/wp\/v2\/posts\/22675\/revisions"}],"wp:featuredmedia":[{"embeddable":true,"href":"https:\/\/www.radioamigavallenar.cl\/index.php?rest_route=\/wp\/v2\/media\/22676"}],"wp:attachment":[{"href":"https:\/\/www.radioamigavallenar.cl\/index.php?rest_route=%2Fwp%2Fv2%2Fmedia&parent=22675"}],"wp:term":[{"taxonomy":"category","embeddable":true,"href":"https:\/\/www.radioamigavallenar.cl\/index.php?rest_route=%2Fwp%2Fv2%2Fcategories&post=22675"},{"taxonomy":"post_tag","embeddable":true,"href":"https:\/\/www.radioamigavallenar.cl\/index.php?rest_route=%2Fwp%2Fv2%2Ftags&post=22675"}],"curies":[{"name":"wp","href":"https:\/\/api.w.org\/{rel}","templated":true}]}}