{"id":22669,"date":"2020-04-01T10:15:16","date_gmt":"2020-04-01T13:15:16","guid":{"rendered":"https:\/\/www.radioamigavallenar.cl\/?p=22669"},"modified":"2020-04-01T10:15:17","modified_gmt":"2020-04-01T13:15:17","slug":"se-confirma-tercer-caso-positivo-de-coronavirus-en-atacama","status":"publish","type":"post","link":"https:\/\/www.radioamigavallenar.cl\/?p=22669","title":{"rendered":"Se confirma tercer caso positivo de Coronavirus en Atacama"},"content":{"rendered":"\n<div class=\"wp-block-image\"><figure class=\"aligncenter size-large\"><img loading=\"lazy\" decoding=\"async\" width=\"1024\" height=\"577\" src=\"https:\/\/www.radioamigavallenar.cl\/wp-content\/uploads\/2020\/04\/corona-2-1024x577.jpg\" alt=\"\" class=\"wp-image-22670\" srcset=\"https:\/\/www.radioamigavallenar.cl\/wp-content\/uploads\/2020\/04\/corona-2-1024x577.jpg 1024w, https:\/\/www.radioamigavallenar.cl\/wp-content\/uploads\/2020\/04\/corona-2-300x169.jpg 300w, https:\/\/www.radioamigavallenar.cl\/wp-content\/uploads\/2020\/04\/corona-2-768x433.jpg 768w, https:\/\/www.radioamigavallenar.cl\/wp-content\/uploads\/2020\/04\/corona-2.jpg 1140w\" sizes=\"auto, (max-width: 1024px) 100vw, 1024px\" \/><\/figure><\/div>\n\n\n\n<p><strong>Se trata de una paciente de 40 a\u00f1os de edad, quien ten\u00eda historial de viaje en Espa\u00f1a, regresando a nuestro pa\u00eds el 19 de marzo.<\/strong><\/p>\n\n\n\n<p>Mediante comunicado de prensa, difundido mediante redes sociales, el Gobierno confirm\u00f3 el tercer caso de Covid-19 en la regi\u00f3n de Atacama,&nbsp; se\u00f1alando que se trata de una paciente de 40 a\u00f1os de edad, quien tiene historial de viaje a Espa\u00f1a y que lleg\u00f3 al pa\u00eds el pasado 19 de marzo.<\/p>\n\n\n\n<p>Seg\u00fan el Gobierno regional, la mujer se encontraba en la comuna de Copiap\u00f3 en aislamiento domiciliario desde esa fecha y bajo vigilancia epidemiol\u00f3gica por parte de la autoridad sanitaria local, y que al presentar los s\u00edntomas se le tom\u00f3 el ex\u00e1men.<\/p>\n\n\n\n<p>Dichos ex\u00e1menes ingresaron a la Universidad de Atacama, donde en horas de este martes se confirm\u00f3 su diagn\u00f3stico, activando todos los protocolos, donde la autoridad de Salud est\u00e1 bajo seguimiento de los contactos de la persona.<\/p>\n\n\n\n<p>Finalmente las autoridades reiteraron el llamado las medidas de prevenci\u00f3n ya conocidas por la comunidad.<\/p>\n","protected":false},"excerpt":{"rendered":"<p>Se trata de una paciente de 40 a\u00f1os de edad, quien ten\u00eda historial de viaje en Espa\u00f1a, regresando a nuestro pa\u00eds el 19 de marzo.&hellip; <\/p>\n","protected":false},"author":2,"featured_media":22670,"comment_status":"open","ping_status":"closed","sticky":false,"template":"","format":"standard","meta":{"footnotes":""},"categories":[7],"tags":[],"class_list":["post-22669","post","type-post","status-publish","format-standard","has-post-thumbnail","hentry","category-atacama"],"_links":{"self":[{"href":"https:\/\/www.radioamigavallenar.cl\/index.php?rest_route=\/wp\/v2\/posts\/22669","targetHints":{"allow":["GET"]}}],"collection":[{"href":"https:\/\/www.radioamigavallenar.cl\/index.php?rest_route=\/wp\/v2\/posts"}],"about":[{"href":"https:\/\/www.radioamigavallenar.cl\/index.php?rest_route=\/wp\/v2\/types\/post"}],"author":[{"embeddable":true,"href":"https:\/\/www.radioamigavallenar.cl\/index.php?rest_route=\/wp\/v2\/users\/2"}],"replies":[{"embeddable":true,"href":"https:\/\/www.radioamigavallenar.cl\/index.php?rest_route=%2Fwp%2Fv2%2Fcomments&post=22669"}],"version-history":[{"count":0,"href":"https:\/\/www.radioamigavallenar.cl\/index.php?rest_route=\/wp\/v2\/posts\/22669\/revisions"}],"wp:featuredmedia":[{"embeddable":true,"href":"https:\/\/www.radioamigavallenar.cl\/index.php?rest_route=\/wp\/v2\/media\/22670"}],"wp:attachment":[{"href":"https:\/\/www.radioamigavallenar.cl\/index.php?rest_route=%2Fwp%2Fv2%2Fmedia&parent=22669"}],"wp:term":[{"taxonomy":"category","embeddable":true,"href":"https:\/\/www.radioamigavallenar.cl\/index.php?rest_route=%2Fwp%2Fv2%2Fcategories&post=22669"},{"taxonomy":"post_tag","embeddable":true,"href":"https:\/\/www.radioamigavallenar.cl\/index.php?rest_route=%2Fwp%2Fv2%2Ftags&post=22669"}],"curies":[{"name":"wp","href":"https:\/\/api.w.org\/{rel}","templated":true}]}}