{"id":22665,"date":"2020-04-01T00:00:00","date_gmt":"2020-04-01T03:00:00","guid":{"rendered":"https:\/\/www.radioamigavallenar.cl\/?p=22665"},"modified":"2020-03-31T22:28:04","modified_gmt":"2020-04-01T01:28:04","slug":"junaeb-cifro-en-15-millones-las-canastas-de-alimentacion-ya-entregadas","status":"publish","type":"post","link":"https:\/\/www.radioamigavallenar.cl\/?p=22665","title":{"rendered":"Junaeb cifr\u00f3 en 1,5 millones las canastas de alimentaci\u00f3n ya entregadas"},"content":{"rendered":"\n<figure class=\"wp-block-image\"><img decoding=\"async\" src=\"https:\/\/www.cooperativa.cl\/noticias\/site\/artic\/20200331\/imag\/foto_0000000120200331134111.jpeg\" alt=\"Junaeb cifr\u00f3 en 1,5 millones las canastas de alimentaci\u00f3n ya entregadas\"\/><\/figure>\n\n\n\n<p>La entidad anunci\u00f3 adem\u00e1s sanciones a empresas que no cumplieron con el contenido de las cajas.<\/p>\n\n\n\n<p>Si un alumnos recibi\u00f3 una caja incompleta, en la pr\u00f3xima entrega se le sumar\u00e1 lo faltante.<\/p>\n\n\n\n<p>La Junta Nacional de Auxilio Escolar y Becas (Junaeb) consider\u00f3 positivo el proceso de entrega de canastas individuales de alimentaci\u00f3n, en reemplazo de la alimentaci\u00f3n en colegios, suspendida a ra\u00edz de la emergencia sanitaria por el Covid-19.<\/p>\n\n\n\n<p>Seg\u00fan la repartici\u00f3n dependiente del Ministerio de Educaci\u00f3n,<strong>\u00a0<\/strong>fueron 1.517.734 las canastas que llegaron a estudiantes beneficiarios.<\/p>\n\n\n\n<p>Adem\u00e1s,\u00a0se sancionar\u00e1 las empresas prestadoras de servicio que no hayan cumplido con la totalidad del contenido\u00a0que contempl\u00f3 en la emergencia el Programa de Alimentaci\u00f3n Escolar (PAE),\u00a0<strong>p<\/strong>roductos que deber\u00e1n incluir en la siguiente entrega.<\/p>\n\n\n\n<p>\u00abDe las 27 empresas prestadoras de servicio, 6 han presentado problemas parciales en regiones, lo que no toleraremos\u00bb, detall\u00f3 Jaime Toh\u00e1, director nacional de Junaeb.<\/p>\n\n\n\n<p>\u00abAliservice,\u00a0Soser\u00a0y\u00a0Distal\u00a0son las empresas que presentaron mayor nivel de incumplimiento, fallas que se concentraron en Pe\u00f1alol\u00e9n, San Bernardo, Providencia, Renca, Quinta Normal, Maip\u00fa y La Granja, en la Regi\u00f3n Metropolitana. En estos territorios, estamos evaluando t\u00e9rminos anticipados de contrato y reemplazo por otras empresas que est\u00e9n funcionando correctamente\u00bb, agreg\u00f3.<\/p>\n\n\n\n<p>Las\u00a0canastas entregadas equivalen a 22.766.010 desayunos y almuerzos\u00a0para las ni\u00f1as, ni\u00f1os y adolescentes que reciben la alimentaci\u00f3n de Junaeb, Junji e Integra, y que hasta antes de la suspensi\u00f3n de clases se alimentaban en los comedores escolares.<\/p>\n","protected":false},"excerpt":{"rendered":"<p>La entidad anunci\u00f3 adem\u00e1s sanciones a empresas que no cumplieron con el contenido de las cajas. Si un alumnos recibi\u00f3 una caja incompleta, en la&hellip; <\/p>\n","protected":false},"author":2,"featured_media":22666,"comment_status":"open","ping_status":"closed","sticky":false,"template":"","format":"standard","meta":{"footnotes":""},"categories":[37],"tags":[],"class_list":["post-22665","post","type-post","status-publish","format-standard","has-post-thumbnail","hentry","category-nacional"],"_links":{"self":[{"href":"https:\/\/www.radioamigavallenar.cl\/index.php?rest_route=\/wp\/v2\/posts\/22665","targetHints":{"allow":["GET"]}}],"collection":[{"href":"https:\/\/www.radioamigavallenar.cl\/index.php?rest_route=\/wp\/v2\/posts"}],"about":[{"href":"https:\/\/www.radioamigavallenar.cl\/index.php?rest_route=\/wp\/v2\/types\/post"}],"author":[{"embeddable":true,"href":"https:\/\/www.radioamigavallenar.cl\/index.php?rest_route=\/wp\/v2\/users\/2"}],"replies":[{"embeddable":true,"href":"https:\/\/www.radioamigavallenar.cl\/index.php?rest_route=%2Fwp%2Fv2%2Fcomments&post=22665"}],"version-history":[{"count":0,"href":"https:\/\/www.radioamigavallenar.cl\/index.php?rest_route=\/wp\/v2\/posts\/22665\/revisions"}],"wp:featuredmedia":[{"embeddable":true,"href":"https:\/\/www.radioamigavallenar.cl\/index.php?rest_route=\/wp\/v2\/media\/22666"}],"wp:attachment":[{"href":"https:\/\/www.radioamigavallenar.cl\/index.php?rest_route=%2Fwp%2Fv2%2Fmedia&parent=22665"}],"wp:term":[{"taxonomy":"category","embeddable":true,"href":"https:\/\/www.radioamigavallenar.cl\/index.php?rest_route=%2Fwp%2Fv2%2Fcategories&post=22665"},{"taxonomy":"post_tag","embeddable":true,"href":"https:\/\/www.radioamigavallenar.cl\/index.php?rest_route=%2Fwp%2Fv2%2Ftags&post=22665"}],"curies":[{"name":"wp","href":"https:\/\/api.w.org\/{rel}","templated":true}]}}