{"id":22652,"date":"2020-04-01T00:01:00","date_gmt":"2020-04-01T03:01:00","guid":{"rendered":"https:\/\/www.radioamigavallenar.cl\/?p=22652"},"modified":"2020-03-31T22:10:50","modified_gmt":"2020-04-01T01:10:50","slug":"trabajadores-foraneos-de-ferronor-plantean-al-alcalde-de-vallenar-sus-problemas-laborales","status":"publish","type":"post","link":"https:\/\/www.radioamigavallenar.cl\/?p=22652","title":{"rendered":"Trabajadores for\u00e1neos de Ferronor plantean al alcalde de Vallenar sus problemas laborales"},"content":{"rendered":"\n<div class=\"wp-block-image\"><figure class=\"aligncenter size-large\"><img loading=\"lazy\" decoding=\"async\" width=\"1024\" height=\"768\" src=\"https:\/\/www.radioamigavallenar.cl\/wp-content\/uploads\/2020\/03\/ferronor-2-1024x768.jpg\" alt=\"\" class=\"wp-image-22654\" srcset=\"https:\/\/www.radioamigavallenar.cl\/wp-content\/uploads\/2020\/03\/ferronor-2-1024x768.jpg 1024w, https:\/\/www.radioamigavallenar.cl\/wp-content\/uploads\/2020\/03\/ferronor-2-300x225.jpg 300w, https:\/\/www.radioamigavallenar.cl\/wp-content\/uploads\/2020\/03\/ferronor-2-768x576.jpg 768w, https:\/\/www.radioamigavallenar.cl\/wp-content\/uploads\/2020\/03\/ferronor-2.jpg 1280w\" sizes=\"auto, (max-width: 1024px) 100vw, 1024px\" \/><\/figure><\/div>\n\n\n\n<p><strong>Solicitaron intervenci\u00f3n de la primera autoridad comunal porque la empresa los hizo venir desde otros puntos del pa\u00eds solo para tenerlos encerrados en un hostal, con el riesgo de contagiarse en el trayecto y durante la permanencia.<\/strong><\/p>\n\n\n\n<p>Un grupo de trabajadores de la empresa de transportes \u201cFerronor\u201d, provenientes de otros puntos del pa\u00eds, se aperson\u00f3 hasta la Municipalidad de Vallenar para plantearle al alcalde Cristian Tapia Ramos la encrucijada en la que est\u00e1n envueltos, ya que la empresa los oblig\u00f3 a trasladarse hasta nuestra ciudad y, sin embargo, los tiene encerrados en el hostal donde permanecen durante sus turnos. Al mismo tiempo, denunciaron el desconocimiento empresarial al cumplimiento de ciertos beneficios legales que les significar\u00eda una merma cercana a los 250 mil pesos de sus remuneraciones.<\/p>\n\n\n\n<p>As\u00ed lo plante\u00f3 el dirigente Francisco Campillay, quien expres\u00f3 que por protocolo de CMP, la empresa mandante, no se les permiti\u00f3 entrar a las faenas y los tienen relegados en el hostal o en algunas casas particulares, desconociendo adem\u00e1s la obligaci\u00f3n de pagarles los d\u00edas que permanecieron en sus casas, obligados preventivamente por la misma empresa.<\/p>\n\n\n\n<p>Por su parte, el trabajador Luis Ramos agreg\u00f3 que \u201csi la empresa aduce que nos pagar\u00e1 \u00edntegros nuestros sueldos, mientras permanezcamos en nuestras casas resguardados, para qu\u00e9 nos hace venir hasta ac\u00e1, simplemente para tenernos encerrados en un hostal, arriesg\u00e1ndonos a contraer el virus\u201d.<\/p>\n\n\n\n<p>Frente a este problema laboral y social, el alcalde de Vallenar dijo no sentirse sorprendido de la actitud de Ferronor porque en nuestra regi\u00f3n tiene un negro historial, citando ejemplos al respecto. \u201cEs una empresa totalmente irresponsable y lo ha demostrado en todo nivel y durante muchos a\u00f1os, y no solamente en Vallenar\u201d, puntualiz\u00f3.<\/p>\n\n\n\n<p>Por otra parte, dijo sentirse molesto, tras recordar que la semana pasada sostuvo una reuni\u00f3n con la gerencia local de la CMP, en cuya ocasi\u00f3n los ejecutivos \u201cse comprometieron a que ning\u00fan trabajador de la propia Compa\u00f1\u00eda, ni contratista, que salga de la comuna de Vallenar volver\u00e1 a la ciudad, mientras esta emergencia sanitaria no se solucione. No me cabe en la cabeza que hagan venir a un trabajador para tenerlo en un hostal\u201d, subray\u00f3.<\/p>\n\n\n\n<figure class=\"wp-block-audio\"><audio controls src=\"https:\/\/www.radioamigavallenar.cl\/wp-content\/uploads\/2020\/03\/ALCALDE-TAPIA-SOBRE-FERRONOR.mp3\"><\/audio><\/figure>\n\n\n\n<p>Al mismo tiempo, la primera autoridad comunal plante\u00f3 su esperanza en que \u201cesas personas retornen hoy d\u00eda mismo a sus casas, que es como debe ser y, adem\u00e1s, el compromiso asumido por la propia empresa\u201d.<\/p>\n","protected":false},"excerpt":{"rendered":"<p>Solicitaron intervenci\u00f3n de la primera autoridad comunal porque la empresa los hizo venir desde otros puntos del pa\u00eds solo para tenerlos encerrados en un hostal,&hellip; <\/p>\n","protected":false},"author":2,"featured_media":22654,"comment_status":"open","ping_status":"closed","sticky":false,"template":"","format":"standard","meta":{"footnotes":""},"categories":[1,2],"tags":[],"class_list":["post-22652","post","type-post","status-publish","format-standard","has-post-thumbnail","hentry","category-provincia-del-huasco-2","category-vallenar"],"_links":{"self":[{"href":"https:\/\/www.radioamigavallenar.cl\/index.php?rest_route=\/wp\/v2\/posts\/22652","targetHints":{"allow":["GET"]}}],"collection":[{"href":"https:\/\/www.radioamigavallenar.cl\/index.php?rest_route=\/wp\/v2\/posts"}],"about":[{"href":"https:\/\/www.radioamigavallenar.cl\/index.php?rest_route=\/wp\/v2\/types\/post"}],"author":[{"embeddable":true,"href":"https:\/\/www.radioamigavallenar.cl\/index.php?rest_route=\/wp\/v2\/users\/2"}],"replies":[{"embeddable":true,"href":"https:\/\/www.radioamigavallenar.cl\/index.php?rest_route=%2Fwp%2Fv2%2Fcomments&post=22652"}],"version-history":[{"count":0,"href":"https:\/\/www.radioamigavallenar.cl\/index.php?rest_route=\/wp\/v2\/posts\/22652\/revisions"}],"wp:featuredmedia":[{"embeddable":true,"href":"https:\/\/www.radioamigavallenar.cl\/index.php?rest_route=\/wp\/v2\/media\/22654"}],"wp:attachment":[{"href":"https:\/\/www.radioamigavallenar.cl\/index.php?rest_route=%2Fwp%2Fv2%2Fmedia&parent=22652"}],"wp:term":[{"taxonomy":"category","embeddable":true,"href":"https:\/\/www.radioamigavallenar.cl\/index.php?rest_route=%2Fwp%2Fv2%2Fcategories&post=22652"},{"taxonomy":"post_tag","embeddable":true,"href":"https:\/\/www.radioamigavallenar.cl\/index.php?rest_route=%2Fwp%2Fv2%2Ftags&post=22652"}],"curies":[{"name":"wp","href":"https:\/\/api.w.org\/{rel}","templated":true}]}}