{"id":22534,"date":"2020-03-30T00:00:00","date_gmt":"2020-03-30T03:00:00","guid":{"rendered":"https:\/\/www.radioamigavallenar.cl\/?p=22534"},"modified":"2020-03-29T20:28:27","modified_gmt":"2020-03-29T23:28:27","slug":"ips-atacama-atendera-tres-dias-a-la-semana","status":"publish","type":"post","link":"https:\/\/www.radioamigavallenar.cl\/?p=22534","title":{"rendered":"IPS Atacama atender\u00e1 tres d\u00edas a la semana"},"content":{"rendered":"\n<div class=\"wp-block-image\"><figure class=\"aligncenter size-large\"><img loading=\"lazy\" decoding=\"async\" width=\"1000\" height=\"666\" src=\"https:\/\/www.radioamigavallenar.cl\/wp-content\/uploads\/2020\/03\/DSC01679.jpg\" alt=\"\" class=\"wp-image-22535\" srcset=\"https:\/\/www.radioamigavallenar.cl\/wp-content\/uploads\/2020\/03\/DSC01679.jpg 1000w, https:\/\/www.radioamigavallenar.cl\/wp-content\/uploads\/2020\/03\/DSC01679-300x200.jpg 300w, https:\/\/www.radioamigavallenar.cl\/wp-content\/uploads\/2020\/03\/DSC01679-768x511.jpg 768w\" sizes=\"auto, (max-width: 1000px) 100vw, 1000px\" \/><\/figure><\/div>\n\n\n\n<p>Producto de la contingencia que estamos enfrentando debido al Coronavirus COVID-19, el Instituto de Previsi\u00f3n Social ha tomado diferentes medidas de prevenci\u00f3n enmarcadas en la necesidad de fortalecer el distanciamiento social para evitar contagios.<\/p>\n\n\n\n<p>En este contexto se han ido reduciendo paulatinamente los servicios presenciales y reforzando el desarrollo de tr\u00e1mites en l\u00ednea disponibles en los portales&nbsp;<a href=\"http:\/\/chileatiende.cl\/\" target=\"_blank\" rel=\"noreferrer noopener\">chileatiende.cl<\/a>&nbsp;e&nbsp;<a href=\"http:\/\/ipsenlinea.cl\/\" target=\"_blank\" rel=\"noreferrer noopener\">ipsenlinea.cl<\/a><\/p>\n\n\n\n<p>En este sentido se inform\u00f3 que desde la pr\u00f3xima semana las atenciones presenciales en la sucursal Copiap\u00f3 se realizar\u00e1 s\u00f3lo los lunes, mi\u00e9rcoles y viernes, entre 9:00 y 12:00 hrs. Atenci\u00f3n que tendr\u00e1 como foco tr\u00e1mites prioritarios.<\/p>\n\n\n\n<p>Entre los tr\u00e1mites prioritarios se encuentran: Reemplazo de poderes en caso de p\u00e9rdida, solicitud de Aporte Previsional Solidario y Pensi\u00f3n B\u00e1sica Solidaria, solicitud Bono Bodas de Oro, solicitud Pensi\u00f3n de Orfandad y solicitud de pensi\u00f3n de invalidad entre otros.<\/p>\n\n\n\n<p>Roberto D\u00edaz Lastarria, asesor jur\u00eddico de IPS Atacama, reitera la recomendaci\u00f3n de ingresar a&nbsp;<a href=\"http:\/\/www.chileatiende.cl\/\" target=\"_blank\" rel=\"noreferrer noopener\">www.chileatiende.cl<\/a>&nbsp;en donde encontrar\u00e1 una serie de beneficios y tr\u00e1mites que pueden realizarse a trav\u00e9s de Internet (para algunos debe contar con su Clave\u00danica del Estado), sin necesidad de salir de su casa a exponerse.<\/p>\n","protected":false},"excerpt":{"rendered":"<p>Producto de la contingencia que estamos enfrentando debido al Coronavirus COVID-19, el Instituto de Previsi\u00f3n Social ha tomado diferentes medidas de prevenci\u00f3n enmarcadas en la&hellip; <\/p>\n","protected":false},"author":2,"featured_media":22535,"comment_status":"open","ping_status":"closed","sticky":false,"template":"","format":"standard","meta":{"footnotes":""},"categories":[7],"tags":[],"class_list":["post-22534","post","type-post","status-publish","format-standard","has-post-thumbnail","hentry","category-atacama"],"_links":{"self":[{"href":"https:\/\/www.radioamigavallenar.cl\/index.php?rest_route=\/wp\/v2\/posts\/22534","targetHints":{"allow":["GET"]}}],"collection":[{"href":"https:\/\/www.radioamigavallenar.cl\/index.php?rest_route=\/wp\/v2\/posts"}],"about":[{"href":"https:\/\/www.radioamigavallenar.cl\/index.php?rest_route=\/wp\/v2\/types\/post"}],"author":[{"embeddable":true,"href":"https:\/\/www.radioamigavallenar.cl\/index.php?rest_route=\/wp\/v2\/users\/2"}],"replies":[{"embeddable":true,"href":"https:\/\/www.radioamigavallenar.cl\/index.php?rest_route=%2Fwp%2Fv2%2Fcomments&post=22534"}],"version-history":[{"count":0,"href":"https:\/\/www.radioamigavallenar.cl\/index.php?rest_route=\/wp\/v2\/posts\/22534\/revisions"}],"wp:featuredmedia":[{"embeddable":true,"href":"https:\/\/www.radioamigavallenar.cl\/index.php?rest_route=\/wp\/v2\/media\/22535"}],"wp:attachment":[{"href":"https:\/\/www.radioamigavallenar.cl\/index.php?rest_route=%2Fwp%2Fv2%2Fmedia&parent=22534"}],"wp:term":[{"taxonomy":"category","embeddable":true,"href":"https:\/\/www.radioamigavallenar.cl\/index.php?rest_route=%2Fwp%2Fv2%2Fcategories&post=22534"},{"taxonomy":"post_tag","embeddable":true,"href":"https:\/\/www.radioamigavallenar.cl\/index.php?rest_route=%2Fwp%2Fv2%2Ftags&post=22534"}],"curies":[{"name":"wp","href":"https:\/\/api.w.org\/{rel}","templated":true}]}}