{"id":22531,"date":"2020-03-30T00:00:00","date_gmt":"2020-03-30T03:00:00","guid":{"rendered":"https:\/\/www.radioamigavallenar.cl\/?p=22531"},"modified":"2020-03-29T20:12:48","modified_gmt":"2020-03-29T23:12:48","slug":"segundo-caso-covid-19-en-atacama-se-encuentra-estable-y-con-seguimiento-domiciliario","status":"publish","type":"post","link":"https:\/\/www.radioamigavallenar.cl\/?p=22531","title":{"rendered":"Segundo caso Covid-19 en Atacama se encuentra estable y con seguimiento domiciliario"},"content":{"rendered":"\n<div class=\"wp-block-image\"><figure class=\"aligncenter size-large\"><img loading=\"lazy\" decoding=\"async\" width=\"1024\" height=\"684\" src=\"https:\/\/www.radioamigavallenar.cl\/wp-content\/uploads\/2020\/03\/Autoridades-de-Gobierno-2048x1367-1-1024x684.jpg\" alt=\"\" class=\"wp-image-22532\" srcset=\"https:\/\/www.radioamigavallenar.cl\/wp-content\/uploads\/2020\/03\/Autoridades-de-Gobierno-2048x1367-1-1024x684.jpg 1024w, https:\/\/www.radioamigavallenar.cl\/wp-content\/uploads\/2020\/03\/Autoridades-de-Gobierno-2048x1367-1-300x200.jpg 300w, https:\/\/www.radioamigavallenar.cl\/wp-content\/uploads\/2020\/03\/Autoridades-de-Gobierno-2048x1367-1-768x513.jpg 768w, https:\/\/www.radioamigavallenar.cl\/wp-content\/uploads\/2020\/03\/Autoridades-de-Gobierno-2048x1367-1-1536x1025.jpg 1536w, https:\/\/www.radioamigavallenar.cl\/wp-content\/uploads\/2020\/03\/Autoridades-de-Gobierno-2048x1367-1.jpg 2048w\" sizes=\"auto, (max-width: 1024px) 100vw, 1024px\" \/><\/figure><\/div>\n\n\n\n<p><strong>Durante esta jornada las autoridades de la regi\u00f3n ampliaron los antecedentes sobre el caso y reiteraron el llamado a la comunidad a mantener el distanciamiento social.<\/strong><\/p>\n\n\n\n<p>Este s\u00e1bado, se dio a conocer un nuevo caso por Covid-19 en Atacama. El Intendente Patricio Urquieta, inform\u00f3 la situaci\u00f3n de la regi\u00f3n al d\u00eda de hoy. \u201cTenemos dos casos confirmados, 131 personas cuyo resultado de los ex\u00e1menes ha dado negativo y est\u00e1n descartados, y 19 personas que se encuentran en estudio a la espera del resultado del examen para confirmaci\u00f3n o descarte del contagio\u201d.<\/p>\n\n\n\n<p>Asimismo, especific\u00f3 que \u201cel segundo caso se present\u00f3 el d\u00eda de ayer, y corresponde a un paciente de 59 a\u00f1os que se encuentra estable, que est\u00e1 con activo seguimiento por parte de las autoridades de salud y que se encuentra actualmente en domicilio en la localidad de El Salvador, en la comuna de Diego de Almagro. En este caso se aplicaron todos los protocolos de salud que se han venido dise\u00f1ando, implementando en las distintas partes del pa\u00eds, y particularmente en la Regi\u00f3n de Atacama a fin de hacer el seguimiento de la persona que proviene desde el extranjero y, una vez que se presenta la sintomatolog\u00eda, se activan los protocolos de sospecha. A partir de ello se ha logrado confirmar y adoptar las medidas de salud que corresponden para enfrentar adecuadamente este caso\u201d.<\/p>\n\n\n\n<p>La primera autoridad regional reiter\u00f3 el llamado a la calma \u201cestamos tomando todas las decisiones en funci\u00f3n de los criterios sanitarios, y particularmente en virtud de la recomendaci\u00f3n de los expertos, los especialistas, y la Organizaci\u00f3n Mundial de la Salud. Vamos a hacer todo lo que est\u00e9 a nuestro alcance para responder a nuestra primera prioridad que es proteger la salud y la vida de las personas\u201d.<\/p>\n\n\n\n<p>Respecto de si las autoridades se tomar\u00e1n el examen de Covid-19, el Intendente Urquieta dijo que \u201cla toma de muestras, o finalmente el test del Coronavirus se practica previa indicaci\u00f3n m\u00e9dica. No es a solicitud de las personas, sino que en virtud de una indicaci\u00f3n m\u00e9dica que as\u00ed lo estime conveniente si se presenta la sintomatolog\u00eda asociada a esta enfermedad, y en consecuencia, todas las personas que presenten la sintomatolog\u00eda y tengan una evaluaci\u00f3n m\u00e9dica que indique la necesidad de tomar la muestra van a tener que hacerlo, porque de esa manera nosotros cumplimos con los primeros objetivos que es testear, identificar, reportar oportunamente, aislar y tratar\u201d.<\/p>\n\n\n\n<p>Sobre el segundo caso en la regi\u00f3n, el Seremi de Salud, Basti\u00e1n Hermosilla, dio m\u00e1s detalles \u201cel segundo caso confirmado que tenemos en la regi\u00f3n, es un adulto que hab\u00eda viajado a Espa\u00f1a, Francia e Italia, llego a nuestra regi\u00f3n el d\u00eda 14 de marzo y se encontraba en aislamiento con su se\u00f1ora desde que lleg\u00f3 sin tener contacto con nadie, el equipo nuestro de epidemiologia lo mantuvo en vigilancia en todo momento, ante este nuevo caso, reiteremos las medidas de prevenci\u00f3n a toda la comunidad, no salga de sus casas, salvo que sea estrictamente necesario, lave sus manos con agua y jab\u00f3n y siempre mantenga una distancia de un metro y medio con las personas, as\u00ed nos protegemos y protegemos a los nuestros\u201d.<\/p>\n\n\n\n<p>Sobre los pacientes que estaban pendientes y que proven\u00edan de la empresa Zublin, el Director del Servicio de Salud, Claudio Baeza, dijo que \u201ctenemos dos resultados, los cuales fueron procesados en la Universidad de Atacama con resultado negativo para Covid 19 junto con el paciente de 84 a\u00f1os que hab\u00edamos informado el d\u00eda viernes pasado que tambi\u00e9n result\u00f3 negativo \u201c.<\/p>\n\n\n\n<p>Asimismo, el Director especific\u00f3 que \u201cson 30 muestras que ya hemos procesado en la Universidad de Atacama con un tiempo de respuesta r\u00e1pido. Los resultados ingresan en la ma\u00f1ana y en la tarde noche se est\u00e1n entregando los resultados de estas muestras, lo cual disminuy\u00f3 ostensiblemente los tiempos de espera para saber la confirmaci\u00f3n o descarte de los pacientes sospechosos de Coronavirus\u201d.<\/p>\n","protected":false},"excerpt":{"rendered":"<p>Durante esta jornada las autoridades de la regi\u00f3n ampliaron los antecedentes sobre el caso y reiteraron el llamado a la comunidad a mantener el distanciamiento&hellip; <\/p>\n","protected":false},"author":2,"featured_media":22532,"comment_status":"open","ping_status":"closed","sticky":false,"template":"","format":"standard","meta":{"footnotes":""},"categories":[7],"tags":[],"class_list":["post-22531","post","type-post","status-publish","format-standard","has-post-thumbnail","hentry","category-atacama"],"_links":{"self":[{"href":"https:\/\/www.radioamigavallenar.cl\/index.php?rest_route=\/wp\/v2\/posts\/22531","targetHints":{"allow":["GET"]}}],"collection":[{"href":"https:\/\/www.radioamigavallenar.cl\/index.php?rest_route=\/wp\/v2\/posts"}],"about":[{"href":"https:\/\/www.radioamigavallenar.cl\/index.php?rest_route=\/wp\/v2\/types\/post"}],"author":[{"embeddable":true,"href":"https:\/\/www.radioamigavallenar.cl\/index.php?rest_route=\/wp\/v2\/users\/2"}],"replies":[{"embeddable":true,"href":"https:\/\/www.radioamigavallenar.cl\/index.php?rest_route=%2Fwp%2Fv2%2Fcomments&post=22531"}],"version-history":[{"count":0,"href":"https:\/\/www.radioamigavallenar.cl\/index.php?rest_route=\/wp\/v2\/posts\/22531\/revisions"}],"wp:featuredmedia":[{"embeddable":true,"href":"https:\/\/www.radioamigavallenar.cl\/index.php?rest_route=\/wp\/v2\/media\/22532"}],"wp:attachment":[{"href":"https:\/\/www.radioamigavallenar.cl\/index.php?rest_route=%2Fwp%2Fv2%2Fmedia&parent=22531"}],"wp:term":[{"taxonomy":"category","embeddable":true,"href":"https:\/\/www.radioamigavallenar.cl\/index.php?rest_route=%2Fwp%2Fv2%2Fcategories&post=22531"},{"taxonomy":"post_tag","embeddable":true,"href":"https:\/\/www.radioamigavallenar.cl\/index.php?rest_route=%2Fwp%2Fv2%2Ftags&post=22531"}],"curies":[{"name":"wp","href":"https:\/\/api.w.org\/{rel}","templated":true}]}}