{"id":22528,"date":"2020-03-28T11:59:13","date_gmt":"2020-03-28T14:59:13","guid":{"rendered":"https:\/\/www.radioamigavallenar.cl\/?p=22528"},"modified":"2020-03-28T11:59:14","modified_gmt":"2020-03-28T14:59:14","slug":"el-fin-de-semana-nuevamente-abren-sucursales-los-heroes-de-vallenar-y-copiapo-para-pensionados-del-ips-de-70-y-mas-anos","status":"publish","type":"post","link":"https:\/\/www.radioamigavallenar.cl\/?p=22528","title":{"rendered":"El fin de semana, nuevamente abren sucursales Los H\u00e9roes de Vallenar y Copiap\u00f3 para pensionados del IPS de 70 y m\u00e1s a\u00f1os"},"content":{"rendered":"\n<div class=\"wp-block-image\"><figure class=\"aligncenter size-large\"><img loading=\"lazy\" decoding=\"async\" width=\"700\" height=\"487\" src=\"https:\/\/www.radioamigavallenar.cl\/wp-content\/uploads\/2020\/03\/caja-compe.jpg\" alt=\"\" class=\"wp-image-22529\" srcset=\"https:\/\/www.radioamigavallenar.cl\/wp-content\/uploads\/2020\/03\/caja-compe.jpg 700w, https:\/\/www.radioamigavallenar.cl\/wp-content\/uploads\/2020\/03\/caja-compe-300x209.jpg 300w\" sizes=\"auto, (max-width: 700px) 100vw, 700px\" \/><\/figure><\/div>\n\n\n\n<p><strong>Con el fin de facilitarles el cobro de sus beneficios, los pensionados del Instituto de Previsi\u00f3n Social, IPS, podr\u00e1n concurrir entre 9:00 y 14:00 horas, para recibir sus pensiones que tengan fecha de pago hasta el 3 de abril.<\/strong><\/p>\n\n\n\n<p>Por segundo fin de semana consecutivo, un conjunto de locales de Caja Los H\u00e9roes abrir\u00e1 sus puertas el fin de semana, para realizar el pago de sus beneficios a pensionados y pensionadas del Instituto de Previsi\u00f3n Social, IPS, de 70 a\u00f1os y m\u00e1s.&nbsp;<\/p>\n\n\n\n<p>Con esta medida, el IPS y Caja Los H\u00e9roes buscan entregar un trato especial a los beneficiarios de m\u00e1s avanzada edad durante este per\u00edodo de contingencia, adem\u00e1s de disminuir la posibilidad de aglomeraciones de personas durante la semana.&nbsp;<\/p>\n\n\n\n<p>Ser\u00e1n m\u00e1s de 100 las sucursales para el pago de pensiones que abrir\u00e1n el fin de semana, entre las 9:00 y 14:00 horas. M\u00e1s de 80 de ellas lo har\u00e1n el s\u00e1bado y domingo, mientras que las restantes lo har\u00e1n s\u00f3lo el s\u00e1bado.<\/p>\n\n\n\n<p>\u201cPodr\u00e1n cobrar los pensionados titulares de 70 a\u00f1os y m\u00e1s del IPS, cuyos pagos se realizan de manera presencial en Los H\u00e9roes y que tengan fecha de pago estipulada para este mes de marzo, incluido hasta el martes 31, y tambi\u00e9n para quienes no hayan cobrado su pensi\u00f3n\u201d, se\u00f1al\u00f3 el Asesor Jur\u00eddico de IPS Atacama, Roberto D\u00edaz Lastarria.&nbsp;<\/p>\n\n\n\n<p>D\u00edaz Lastarria agreg\u00f3 que adem\u00e1s podr\u00e1n cobrar adelantadamente este fin de semana, las personas con fecha de pago para el 1, 2 y 3 de abril, y que no tengan CuentaRUT. En el caso de estas personas con pago en abril, si tienen CuentaRUT activa, utilizada dentro de los \u00faltimos 6 meses, no deber\u00e1n acudir a los locales de pago Los H\u00e9roes porque a ellas se les depositar\u00e1 autom\u00e1ticamente su beneficio en esa cuenta en la fecha que les corresponde.&nbsp;<\/p>\n\n\n\n<p class=\"has-text-align-center\"><strong>Tarjeta para el cobro de beneficios<\/strong><\/p>\n\n\n\n<p>Otra iniciativa para facilitar la entrega de beneficios del IPS en estas sucursales es la entrega de una tarjeta de prepago por parte de Caja Los H\u00e9roes, sin costo de mantenci\u00f3n ni comisiones hasta el mes de julio. Las personas pueden solicitar en la propia Caja esta tarjeta para recibir su beneficio en esa cuenta Prepago sin necesidad de salir de su casa. Una vez finalizada la contingencia sanitaria, el usuario podr\u00e1 decidir si mantiene la tarjeta.&nbsp;<\/p>\n\n\n\n<p class=\"has-text-align-center\"><strong>\u00bfD\u00f3nde consultar por las sucursales abiertas el fin de semana?<\/strong><\/p>\n\n\n\n<p>En el portal&nbsp;<a href=\"http:\/\/www.ips.gob.cl\/\">www.ips.gob.cl&nbsp;<\/a>y en&nbsp;<a href=\"http:\/\/www.losheroes.cl\/\">www.losheroes.cl<\/a>&nbsp;se informar\u00e1 y actualizar\u00e1 la lista de sucursales Los H\u00e9roes que estar\u00e1n abiertas este s\u00e1bado y domingo.<\/p>\n\n\n\n<p><strong>IMPORTANTE<\/strong>: Se recomienda a las personas no asistir solo a primera hora, para evitar aglomeraciones, dado que las sucursales estar\u00e1n abiertas toda la ma\u00f1ana, hasta las 14:00 horas. \u00a1Cuid\u00e9monos entre todos!<\/p>\n","protected":false},"excerpt":{"rendered":"<p>Con el fin de facilitarles el cobro de sus beneficios, los pensionados del Instituto de Previsi\u00f3n Social, IPS, podr\u00e1n concurrir entre 9:00 y 14:00 horas,&hellip; <\/p>\n","protected":false},"author":2,"featured_media":22529,"comment_status":"open","ping_status":"closed","sticky":false,"template":"","format":"standard","meta":{"footnotes":""},"categories":[7,1,2],"tags":[],"class_list":["post-22528","post","type-post","status-publish","format-standard","has-post-thumbnail","hentry","category-atacama","category-provincia-del-huasco-2","category-vallenar"],"_links":{"self":[{"href":"https:\/\/www.radioamigavallenar.cl\/index.php?rest_route=\/wp\/v2\/posts\/22528","targetHints":{"allow":["GET"]}}],"collection":[{"href":"https:\/\/www.radioamigavallenar.cl\/index.php?rest_route=\/wp\/v2\/posts"}],"about":[{"href":"https:\/\/www.radioamigavallenar.cl\/index.php?rest_route=\/wp\/v2\/types\/post"}],"author":[{"embeddable":true,"href":"https:\/\/www.radioamigavallenar.cl\/index.php?rest_route=\/wp\/v2\/users\/2"}],"replies":[{"embeddable":true,"href":"https:\/\/www.radioamigavallenar.cl\/index.php?rest_route=%2Fwp%2Fv2%2Fcomments&post=22528"}],"version-history":[{"count":0,"href":"https:\/\/www.radioamigavallenar.cl\/index.php?rest_route=\/wp\/v2\/posts\/22528\/revisions"}],"wp:featuredmedia":[{"embeddable":true,"href":"https:\/\/www.radioamigavallenar.cl\/index.php?rest_route=\/wp\/v2\/media\/22529"}],"wp:attachment":[{"href":"https:\/\/www.radioamigavallenar.cl\/index.php?rest_route=%2Fwp%2Fv2%2Fmedia&parent=22528"}],"wp:term":[{"taxonomy":"category","embeddable":true,"href":"https:\/\/www.radioamigavallenar.cl\/index.php?rest_route=%2Fwp%2Fv2%2Fcategories&post=22528"},{"taxonomy":"post_tag","embeddable":true,"href":"https:\/\/www.radioamigavallenar.cl\/index.php?rest_route=%2Fwp%2Fv2%2Ftags&post=22528"}],"curies":[{"name":"wp","href":"https:\/\/api.w.org\/{rel}","templated":true}]}}