{"id":22525,"date":"2020-03-28T11:49:43","date_gmt":"2020-03-28T14:49:43","guid":{"rendered":"https:\/\/www.radioamigavallenar.cl\/?p=22525"},"modified":"2020-03-28T11:49:44","modified_gmt":"2020-03-28T14:49:44","slug":"codelco-reporta-cifras-y-asegura-que-cuenta-con-medidas-para-sortear-los-efectos-del-coronavirus","status":"publish","type":"post","link":"https:\/\/www.radioamigavallenar.cl\/?p=22525","title":{"rendered":"Codelco reporta cifras y asegura que cuenta con medidas para sortear los efectos del coronavirus"},"content":{"rendered":"\n<div class=\"wp-block-image\"><figure class=\"aligncenter size-large\"><img loading=\"lazy\" decoding=\"async\" width=\"750\" height=\"400\" src=\"https:\/\/www.radioamigavallenar.cl\/wp-content\/uploads\/2020\/03\/a_uno_1102028-750x400-1.jpg\" alt=\"\" class=\"wp-image-22526\" srcset=\"https:\/\/www.radioamigavallenar.cl\/wp-content\/uploads\/2020\/03\/a_uno_1102028-750x400-1.jpg 750w, https:\/\/www.radioamigavallenar.cl\/wp-content\/uploads\/2020\/03\/a_uno_1102028-750x400-1-300x160.jpg 300w\" sizes=\"auto, (max-width: 750px) 100vw, 750px\" \/><\/figure><\/div>\n\n\n\n<p>Codelco report\u00f3 ayer viernes que gener\u00f3\u00a0US$1.340 millones en excedentes\u00a0en 2019, seg\u00fan lo informado por la minera estatal a la Comisi\u00f3n para el Mercado Financiero. En el marco de la contingencia sanitaria, reiter\u00f3 sus medidas de prevenci\u00f3n y cuidado para con sus trabajadores; y dijo que\u00a0cuidar\u00e1 la liquidez para hacer frente a los posibles efectos econ\u00f3micos.<\/p>\n\n\n\n<p>La cupr\u00edfera logr\u00f3 corregir el rumbo en cuanto a producci\u00f3n y a costos durante la segunda mitad del a\u00f1o pasado, lo que impact\u00f3 de manera positiva en sus resultados finales.<\/p>\n\n\n\n<p>La producci\u00f3n propia de cobre fino fue de un mill\u00f3n 588 mil toneladas,\u00a05,3% inferior\u00a0al a\u00f1o anterior, debido a los\u00a0eventos clim\u00e1ticos en el norte, la huelga de algunos sindicatos en Chuquicamata y otros problemas operacionales\u00a0ocurridos en el primer semestre.<\/p>\n\n\n\n<p>La generaci\u00f3n de caja operacional (Ebitda), en tanto, lleg\u00f3 a\u00a0US$4.043 millones, US$653 millones por debajo del a\u00f1o pasado, con un margen de 32%.\u00a0La variaci\u00f3n obedece al precio del cobre y a la menor producci\u00f3n.<\/p>\n\n\n\n<p>A pesar del complejo escenario actual, Codelco logr\u00f3 un financiamiento adicional de largo plazo por US$2.000 millones, a 10 y 30 a\u00f1os, lo que fortaleci\u00f3 la posici\u00f3n de caja en el balance. Con esto, la raz\u00f3n de endeudamiento de la estatal qued\u00f3 en 4,06 veces.<\/p>\n\n\n\n<p>En 2019, dijo la empresa, \u201cdestaca el plan estrat\u00e9gico de negocios que lanz\u00f3 la empresa en diciembre, con una transformaci\u00f3n que busca mejorar la productividad, bajar los costos y aumentar los excedentes, con la promesa de generar US$1.000 extras en excedentes a partir de 2021 (respecto de 2018) y, aproximadamente, US$8.000 millones en ahorros en inversiones entre 2019-2028\u201d.<\/p>\n\n\n\n<p>La empresa tiene una hoja de ruta, con 150 iniciativas que se est\u00e1n implementando y que son de un alto nivel de desaf\u00edo.<\/p>\n\n\n\n<p>En estos meses la compa\u00f1\u00eda ha avanzado en\u00a0priorizar los mejores proyectos, aplicarles un dise\u00f1o\u00a0<em>lean<\/em>\u00a0(m\u00e1s ajustado a las verdaderas necesidades) y mejorar la productividad de sus construcciones, as\u00ed como optimizar todos sus contratos con proveedores e\u00a0implementar estrategias de mantenimiento para la continuidad operacional.<\/p>\n\n\n\n<p>Lo que se busca, en concreto, es que Codelco\u00a0se<strong> <\/strong>enfoque en el negocio principal, esto es, la producci\u00f3n de cobre fino.<\/p>\n\n\n\n<p>Disminuci\u00f3n de las dotaciones presentes en las faenas, rigurosa limpieza de espacios, resguardo de la distancia entre las personas y teletrabajo para el personal administrativo, son s\u00f3lo algunos de los puntos del estricto protocolo que se est\u00e1 aplicando en la estatal en tiempos del&nbsp;<strong>Covid-19.<\/strong><\/p>\n\n\n\n<p>Codelco reiter\u00f3 que el cuidado de la salud y la vida \u201ces el primero de sus valores\u201d, por lo cual, se est\u00e1n implementando \u201clas medidas m\u00e1s estrictas de higiene y prevenci\u00f3n prevenir el coronavirus\u201d.<\/p>\n\n\n\n<p>Las operaciones est\u00e1n aplicando rigurosa limpieza de los espacios y resguardando la distancia entre las personas. As\u00ed tambi\u00e9n, se redujeron las dotaciones en las faenas y el personal administrativo est\u00e1 con teletrabajo.<\/p>\n\n\n\n<p>El mi\u00e9rcoles, adem\u00e1s, la compa\u00f1\u00eda anunci\u00f3 la\u00a0suspensi\u00f3n temporal por 15 d\u00edas de las obras remanentes del Proyecto Mina Chuquicamata Subterr\u00e1nea, las obras tempranas de Rajo Inca y las obras de montaje de Traspaso Andina, para disminuir al m\u00ednimo las densidades de dotaciones de proyectos y reducir los traslados a\u00e9reos y terrestres, en pro de la seguridad de las personas.<\/p>\n\n\n\n<p>\u201cCabe recordar que la enorme crisis ha golpeado con fuerza el precio del cobre, que ha ca\u00eddo a niveles hist\u00f3ricos, mientras la demanda del metal rojo tambi\u00e9n decrece d\u00eda a d\u00eda\u201d, indic\u00f3 la empresa estatal.<\/p>\n\n\n\n<p>Codelco asegur\u00f3 que por tanto \u201cse esfuerza en\u00a0preservar la continuidad operacional, la liquidez y la salud financiera, todos factores clave para sostener su compromiso con el pa\u00eds, especialmente porque los recursos que genera la cupr\u00edfera ser\u00e1n m\u00e1s relevantes que nunca para ayudar a superar los efectos econ\u00f3micos de la pandemia\u201d.<\/p>\n","protected":false},"excerpt":{"rendered":"<p>Codelco report\u00f3 ayer viernes que gener\u00f3\u00a0US$1.340 millones en excedentes\u00a0en 2019, seg\u00fan lo informado por la minera estatal a la Comisi\u00f3n para el Mercado Financiero. En&hellip; <\/p>\n","protected":false},"author":2,"featured_media":22526,"comment_status":"open","ping_status":"closed","sticky":false,"template":"","format":"standard","meta":{"footnotes":""},"categories":[34,37],"tags":[],"class_list":["post-22525","post","type-post","status-publish","format-standard","has-post-thumbnail","hentry","category-mineria","category-nacional"],"_links":{"self":[{"href":"https:\/\/www.radioamigavallenar.cl\/index.php?rest_route=\/wp\/v2\/posts\/22525","targetHints":{"allow":["GET"]}}],"collection":[{"href":"https:\/\/www.radioamigavallenar.cl\/index.php?rest_route=\/wp\/v2\/posts"}],"about":[{"href":"https:\/\/www.radioamigavallenar.cl\/index.php?rest_route=\/wp\/v2\/types\/post"}],"author":[{"embeddable":true,"href":"https:\/\/www.radioamigavallenar.cl\/index.php?rest_route=\/wp\/v2\/users\/2"}],"replies":[{"embeddable":true,"href":"https:\/\/www.radioamigavallenar.cl\/index.php?rest_route=%2Fwp%2Fv2%2Fcomments&post=22525"}],"version-history":[{"count":0,"href":"https:\/\/www.radioamigavallenar.cl\/index.php?rest_route=\/wp\/v2\/posts\/22525\/revisions"}],"wp:featuredmedia":[{"embeddable":true,"href":"https:\/\/www.radioamigavallenar.cl\/index.php?rest_route=\/wp\/v2\/media\/22526"}],"wp:attachment":[{"href":"https:\/\/www.radioamigavallenar.cl\/index.php?rest_route=%2Fwp%2Fv2%2Fmedia&parent=22525"}],"wp:term":[{"taxonomy":"category","embeddable":true,"href":"https:\/\/www.radioamigavallenar.cl\/index.php?rest_route=%2Fwp%2Fv2%2Fcategories&post=22525"},{"taxonomy":"post_tag","embeddable":true,"href":"https:\/\/www.radioamigavallenar.cl\/index.php?rest_route=%2Fwp%2Fv2%2Ftags&post=22525"}],"curies":[{"name":"wp","href":"https:\/\/api.w.org\/{rel}","templated":true}]}}