{"id":22522,"date":"2020-03-28T11:41:47","date_gmt":"2020-03-28T14:41:47","guid":{"rendered":"https:\/\/www.radioamigavallenar.cl\/?p=22522"},"modified":"2020-03-28T11:41:48","modified_gmt":"2020-03-28T14:41:48","slug":"congreso-despacho-a-ley-prorroga-del-permiso-de-circulacion-hasta-el-30-de-junio","status":"publish","type":"post","link":"https:\/\/www.radioamigavallenar.cl\/?p=22522","title":{"rendered":"Congreso despach\u00f3 a ley pr\u00f3rroga del permiso de circulaci\u00f3n hasta el 30 de junio"},"content":{"rendered":"\n<div class=\"wp-block-image\"><figure class=\"aligncenter size-large\"><img loading=\"lazy\" decoding=\"async\" width=\"1024\" height=\"683\" src=\"https:\/\/www.radioamigavallenar.cl\/wp-content\/uploads\/2020\/03\/circulac-1024x683.jpg\" alt=\"\" class=\"wp-image-22523\" srcset=\"https:\/\/www.radioamigavallenar.cl\/wp-content\/uploads\/2020\/03\/circulac-1024x683.jpg 1024w, https:\/\/www.radioamigavallenar.cl\/wp-content\/uploads\/2020\/03\/circulac-300x200.jpg 300w, https:\/\/www.radioamigavallenar.cl\/wp-content\/uploads\/2020\/03\/circulac-768x512.jpg 768w, https:\/\/www.radioamigavallenar.cl\/wp-content\/uploads\/2020\/03\/circulac.jpg 1140w\" sizes=\"auto, (max-width: 1024px) 100vw, 1024px\" \/><\/figure><\/div>\n\n\n\n<p>Una vez publicada la norma, y hasta el 30 de junio, no se cursar\u00e1n ni aplicar\u00e1n multas a quienes no cuenten con permiso vigente.<\/p>\n\n\n\n<p>El\u00a0Senado\u00a0ratific\u00f3 el informe de la comisi\u00f3n mixta del proyecto que\u00a0prorroga la obtenci\u00f3n o renovaci\u00f3n del permiso de circulaci\u00f3n.\u00a0La C\u00e1mara de Diputados ya hab\u00eda dado su aprobaci\u00f3n durante esta jornada, por lo cual la iniciativa se despach\u00f3 a ley.<\/p>\n\n\n\n<p>Una vez publicada la norma, y hasta el 30 de junio, no se cursar\u00e1n ni aplicar\u00e1n multas a quienes no cuenten con permiso vigente.<\/p>\n\n\n\n<p>En primer tr\u00e1mite, el Senado hab\u00eda declarado inadmisible la propuesta argumentando que facultar al concejo municipal para esta medida es una medida que solo le corresponde al Ejecutivo. Tambi\u00e9n se hizo ver que esta pr\u00f3rroga podr\u00eda afectar las arcas municipales.<\/p>\n\n\n\n<p>Por lo mismo, la moci\u00f3n fue a la comisi\u00f3n mixta, donde los diputados explicaron el sentido de la propuesta se\u00f1alando que se trata de una medida excepcional para evitar la aglomeraci\u00f3n de contribuyentes en los locales del pago de permisos de circulaci\u00f3n, todo considerando la cuarentena preventiva y la obligatoria que rige en siete comunas de la Regi\u00f3n Metropolitana.<\/p>\n\n\n\n<p>A su vez, el Ministerio de Transportes reconoci\u00f3 que a la fecha ya se ha cancelado el 70% de este tributo, por lo que la postergaci\u00f3n del pago no deber\u00eda tener mayores efectos econ\u00f3micos.<\/p>\n\n\n\n<p>As\u00ed la mixta recomend\u00f3 estudiar la siguiente indicaci\u00f3n: \u201cA partir de la publicaci\u00f3n de la presente ley, y hasta el 30 de junio del a\u00f1o 2020, no se cursar\u00e1n ni aplicar\u00e1n en lo referente al tr\u00e1nsito, cuando un veh\u00edculo no cuente con un permiso de circulaci\u00f3n vigente, las sanciones contempladas a este efecto\u201d.<\/p>\n\n\n\n<p>A su vez, esta instancia enfatiz\u00f3 la necesidad de precisar que el Seguro Obligatorio de Accidentes Personales (SOAP) debe ser cancelado para todos los efectos antes del 31 de marzo.<\/p>\n","protected":false},"excerpt":{"rendered":"<p>Una vez publicada la norma, y hasta el 30 de junio, no se cursar\u00e1n ni aplicar\u00e1n multas a quienes no cuenten con permiso vigente. El\u00a0Senado\u00a0ratific\u00f3&hellip; <\/p>\n","protected":false},"author":2,"featured_media":22523,"comment_status":"open","ping_status":"closed","sticky":false,"template":"","format":"standard","meta":{"footnotes":""},"categories":[37],"tags":[],"class_list":["post-22522","post","type-post","status-publish","format-standard","has-post-thumbnail","hentry","category-nacional"],"_links":{"self":[{"href":"https:\/\/www.radioamigavallenar.cl\/index.php?rest_route=\/wp\/v2\/posts\/22522","targetHints":{"allow":["GET"]}}],"collection":[{"href":"https:\/\/www.radioamigavallenar.cl\/index.php?rest_route=\/wp\/v2\/posts"}],"about":[{"href":"https:\/\/www.radioamigavallenar.cl\/index.php?rest_route=\/wp\/v2\/types\/post"}],"author":[{"embeddable":true,"href":"https:\/\/www.radioamigavallenar.cl\/index.php?rest_route=\/wp\/v2\/users\/2"}],"replies":[{"embeddable":true,"href":"https:\/\/www.radioamigavallenar.cl\/index.php?rest_route=%2Fwp%2Fv2%2Fcomments&post=22522"}],"version-history":[{"count":0,"href":"https:\/\/www.radioamigavallenar.cl\/index.php?rest_route=\/wp\/v2\/posts\/22522\/revisions"}],"wp:featuredmedia":[{"embeddable":true,"href":"https:\/\/www.radioamigavallenar.cl\/index.php?rest_route=\/wp\/v2\/media\/22523"}],"wp:attachment":[{"href":"https:\/\/www.radioamigavallenar.cl\/index.php?rest_route=%2Fwp%2Fv2%2Fmedia&parent=22522"}],"wp:term":[{"taxonomy":"category","embeddable":true,"href":"https:\/\/www.radioamigavallenar.cl\/index.php?rest_route=%2Fwp%2Fv2%2Fcategories&post=22522"},{"taxonomy":"post_tag","embeddable":true,"href":"https:\/\/www.radioamigavallenar.cl\/index.php?rest_route=%2Fwp%2Fv2%2Ftags&post=22522"}],"curies":[{"name":"wp","href":"https:\/\/api.w.org\/{rel}","templated":true}]}}