{"id":22519,"date":"2020-03-28T11:40:09","date_gmt":"2020-03-28T14:40:09","guid":{"rendered":"https:\/\/www.radioamigavallenar.cl\/?p=22519"},"modified":"2020-03-28T11:40:10","modified_gmt":"2020-03-28T14:40:10","slug":"proyecto-de-proteccion-al-empleo-con-seguro-de-cesantia-se-enredo-en-el-congreso","status":"publish","type":"post","link":"https:\/\/www.radioamigavallenar.cl\/?p=22519","title":{"rendered":"Proyecto de protecci\u00f3n al empleo con seguro de cesant\u00eda se enred\u00f3 en el Congreso"},"content":{"rendered":"\n<div class=\"wp-block-image\"><figure class=\"aligncenter size-large\"><img loading=\"lazy\" decoding=\"async\" width=\"1024\" height=\"576\" src=\"https:\/\/www.radioamigavallenar.cl\/wp-content\/uploads\/2020\/03\/foto_0000000120200328004344-1024x576.jpg\" alt=\"\" class=\"wp-image-22520\" srcset=\"https:\/\/www.radioamigavallenar.cl\/wp-content\/uploads\/2020\/03\/foto_0000000120200328004344-1024x576.jpg 1024w, https:\/\/www.radioamigavallenar.cl\/wp-content\/uploads\/2020\/03\/foto_0000000120200328004344-300x169.jpg 300w, https:\/\/www.radioamigavallenar.cl\/wp-content\/uploads\/2020\/03\/foto_0000000120200328004344-768x432.jpg 768w, https:\/\/www.radioamigavallenar.cl\/wp-content\/uploads\/2020\/03\/foto_0000000120200328004344.jpg 1130w\" sizes=\"auto, (max-width: 1024px) 100vw, 1024px\" \/><\/figure><\/div>\n\n\n\n<p>La C\u00e1mara Baja rechaz\u00f3 gran parte de la iniciativa, por lo que volver\u00e1 al Senado.<\/p>\n\n\n\n<p>Se enred\u00f3 en el Congreso el\u00a0proyecto del Gobierno sobre protecci\u00f3n al empleo con recursos del seguro de cesant\u00eda.<\/p>\n\n\n\n<p>La mayor parte de la iniciativa, una de las medidas impulsadas por el Ejecutivo para hacer frente a la crisis por el coronavirus,<strong>\u00a0<\/strong>fue rechazada por la C\u00e1mara de Diputadas y Diputados, por lo que deber\u00e1 volver al Senado y posteriormente pasar por una comisi\u00f3n mixta.<\/p>\n\n\n\n<p>Por ello, la tramitaci\u00f3n se extiende hasta la pr\u00f3xima semana.<\/p>\n\n\n\n<p>El ministro de Hacienda,\u00a0Ignacio Briones, expres\u00f3 \u00abdolor, pena e impotencia\u00bb por no haber podido despacharse el proyecto durante esta jornada.<\/p>\n\n\n\n<p>El secretario de Estado hab\u00eda se\u00f1alado que est\u00e1n contra el tiempo debido a la coyuntura de miles de empresas que est\u00e1n sufriendo los efectos econ\u00f3micos de la pandemia del Covid-19, que ha derivado en cuarentenas, cierre de locales y dificultades de desplazamiento.<\/p>\n\n\n\n<p>Un molesto ministro Briones responsabiliz\u00f3 a los parlamentarios -particularmente de la Comisi\u00f3n de Trabajo que sesion\u00f3 esta jornada- por presentar al menos 10 indicaciones que eran inadmisibles por ser inconstitucionales.<\/p>\n\n\n\n<p>\u00ab<strong>Se perdi\u00f3 tiempo valioso en indicaciones inconstitucionales (\u2026) quienes dilataron tienen que responderle al pa\u00eds<\/strong>\u00ab, emplaz\u00f3 Briones.<\/p>\n\n\n\n<p>Para La Moneda es urgente aprobar este proyecto tras\u00a0la pol\u00e9mica por el dictamen de la\u00a0Direcci\u00f3n del Trabajo,\u00a0que establece que est\u00e1 permitido exonerar obligaciones de contratos laborales durante la cuarentena por coronavirus:\u00a0apunta a que si un trabajador no puede prestar servicios, el empleador no est\u00e1 obligado a pagar su remuneraci\u00f3n.<\/p>\n\n\n\n<p>Frente a esta situaci\u00f3n,<strong>\u00a0<\/strong>la iniciativa permite mantener el v\u00ednculo contractual con el empleador pagando las cotizaciones previsionales y de salud, con el trabajador\u00a0recibiendo como \u00absueldo parcial\u00bb parte de sus propios ahorros del seguro de cesant\u00eda.<\/p>\n","protected":false},"excerpt":{"rendered":"<p>La C\u00e1mara Baja rechaz\u00f3 gran parte de la iniciativa, por lo que volver\u00e1 al Senado. Se enred\u00f3 en el Congreso el\u00a0proyecto del Gobierno sobre protecci\u00f3n&hellip; <\/p>\n","protected":false},"author":2,"featured_media":22520,"comment_status":"open","ping_status":"closed","sticky":false,"template":"","format":"standard","meta":{"footnotes":""},"categories":[37],"tags":[],"class_list":["post-22519","post","type-post","status-publish","format-standard","has-post-thumbnail","hentry","category-nacional"],"_links":{"self":[{"href":"https:\/\/www.radioamigavallenar.cl\/index.php?rest_route=\/wp\/v2\/posts\/22519","targetHints":{"allow":["GET"]}}],"collection":[{"href":"https:\/\/www.radioamigavallenar.cl\/index.php?rest_route=\/wp\/v2\/posts"}],"about":[{"href":"https:\/\/www.radioamigavallenar.cl\/index.php?rest_route=\/wp\/v2\/types\/post"}],"author":[{"embeddable":true,"href":"https:\/\/www.radioamigavallenar.cl\/index.php?rest_route=\/wp\/v2\/users\/2"}],"replies":[{"embeddable":true,"href":"https:\/\/www.radioamigavallenar.cl\/index.php?rest_route=%2Fwp%2Fv2%2Fcomments&post=22519"}],"version-history":[{"count":0,"href":"https:\/\/www.radioamigavallenar.cl\/index.php?rest_route=\/wp\/v2\/posts\/22519\/revisions"}],"wp:featuredmedia":[{"embeddable":true,"href":"https:\/\/www.radioamigavallenar.cl\/index.php?rest_route=\/wp\/v2\/media\/22520"}],"wp:attachment":[{"href":"https:\/\/www.radioamigavallenar.cl\/index.php?rest_route=%2Fwp%2Fv2%2Fmedia&parent=22519"}],"wp:term":[{"taxonomy":"category","embeddable":true,"href":"https:\/\/www.radioamigavallenar.cl\/index.php?rest_route=%2Fwp%2Fv2%2Fcategories&post=22519"},{"taxonomy":"post_tag","embeddable":true,"href":"https:\/\/www.radioamigavallenar.cl\/index.php?rest_route=%2Fwp%2Fv2%2Ftags&post=22519"}],"curies":[{"name":"wp","href":"https:\/\/api.w.org\/{rel}","templated":true}]}}