{"id":22503,"date":"2020-03-28T12:00:00","date_gmt":"2020-03-28T15:00:00","guid":{"rendered":"https:\/\/www.radioamigavallenar.cl\/?p=22503"},"modified":"2020-03-27T22:45:56","modified_gmt":"2020-03-28T01:45:56","slug":"estudiantes-de-la-escuela-jose-carocca-laflor-en-vallenar-se-motivan-con-el-aprendizaje-desde-la-casa","status":"publish","type":"post","link":"https:\/\/www.radioamigavallenar.cl\/?p=22503","title":{"rendered":"Estudiantes de la Escuela Jos\u00e9 Carocca Laflor en Vallenar se motivan con el aprendizaje desde la casa"},"content":{"rendered":"\n<div class=\"wp-block-image\"><figure class=\"aligncenter size-large\"><img loading=\"lazy\" decoding=\"async\" width=\"751\" height=\"401\" src=\"https:\/\/www.radioamigavallenar.cl\/wp-content\/uploads\/2020\/03\/vallenar.png\" alt=\"\" class=\"wp-image-22504\" srcset=\"https:\/\/www.radioamigavallenar.cl\/wp-content\/uploads\/2020\/03\/vallenar.png 751w, https:\/\/www.radioamigavallenar.cl\/wp-content\/uploads\/2020\/03\/vallenar-300x160.png 300w\" sizes=\"auto, (max-width: 751px) 100vw, 751px\" \/><\/figure><\/div>\n\n\n\n<p><strong>Una pr\u00e1ctica virtual que llevan implementando desde el 2019, para apoyar a los estudiantes en el desarrollo de sus capacidades de oratoria, es la innovadora iniciativa que permite al establecimiento desarrollar una parte de las clases de lenguaje lideradas por la profesora Alicia Past\u00e9n Flores.<\/strong><\/p>\n\n\n\n<p>Esta semana a trav\u00e9s de las redes sociales del Servicio Local de Educaci\u00f3n P\u00fablica \u2013SLEP- Huasco, se dio a conocer una pr\u00e1ctica pedag\u00f3gica virtual que est\u00e1 realizando la profesora de Lenguaje Alicia Past\u00e9n Flores de la Escuela Jos\u00e9 Carocca Laflor de Vallenar. Se trata de exposiciones virtuales que realizan los alumnos de segundo ciclo, las que permiten al estudiante aprender a expresarse de manera clara y coherente.<\/p>\n\n\n\n<p>\u201cEste trabajo que hicimos ahora, lo empezamos el a\u00f1o anterior con 6to, 7mo y 8vo, ya que cada vez que iban a exponer, hab\u00edan muchos que les daba verg\u00fcenza, se quedaban en silencio, se re\u00edan, entonces yo les propuse que usaran lo que ten\u00edan m\u00e1s a la mano ellos, el tel\u00e9fono, usar la tecnolog\u00eda a su favor\u201d, coment\u00f3 la profesora Alicia.<\/p>\n\n\n\n<p>Quien agreg\u00f3 que \u201cfue un trabajo s\u00faper entretenido el a\u00f1o anterior y debido a la contingencia que est\u00e1 ocurriendo ahora, se volvi\u00f3 a repetir y me han agradado mucho los resultados y esperamos seguir con esto e ir avanzando con los dem\u00e1s cursos\u201d.<\/p>\n\n\n\n<p class=\"has-text-align-center\"><strong>EXPOSICI\u00d3N VIRTUAL<\/strong><\/p>\n\n\n\n<p>La exposici\u00f3n virtual no debe exceder el 1:30 de duraci\u00f3n y el alumno debe hablar sobre el tema seleccionado considerando todas las partes que debe tener una exposici\u00f3n oral, como por ejemplo, introducci\u00f3n, desarrollo y conclusi\u00f3n, apoyadas por gr\u00e1ficas o ilustraciones.<\/p>\n\n\n\n<p>Cabe destacar que la profesora informa a trav\u00e9s de correo electr\u00f3nico a los padres, madres y apoderados sobre qu\u00e9 evaluar\u00e1 de la exposici\u00f3n que est\u00e1 dentro del plan pedag\u00f3gico y para ello los estudiantes deben considerar utilizar vocabulario formal, material coherente al tema, adem\u00e1s de emplear un volumen, una pronunciaci\u00f3n y entonaci\u00f3n adecuada.<\/p>\n","protected":false},"excerpt":{"rendered":"<p>Una pr\u00e1ctica virtual que llevan implementando desde el 2019, para apoyar a los estudiantes en el desarrollo de sus capacidades de oratoria, es la innovadora&hellip; <\/p>\n","protected":false},"author":2,"featured_media":22504,"comment_status":"open","ping_status":"closed","sticky":false,"template":"","format":"standard","meta":{"footnotes":""},"categories":[1,2],"tags":[],"class_list":["post-22503","post","type-post","status-publish","format-standard","has-post-thumbnail","hentry","category-provincia-del-huasco-2","category-vallenar"],"_links":{"self":[{"href":"https:\/\/www.radioamigavallenar.cl\/index.php?rest_route=\/wp\/v2\/posts\/22503","targetHints":{"allow":["GET"]}}],"collection":[{"href":"https:\/\/www.radioamigavallenar.cl\/index.php?rest_route=\/wp\/v2\/posts"}],"about":[{"href":"https:\/\/www.radioamigavallenar.cl\/index.php?rest_route=\/wp\/v2\/types\/post"}],"author":[{"embeddable":true,"href":"https:\/\/www.radioamigavallenar.cl\/index.php?rest_route=\/wp\/v2\/users\/2"}],"replies":[{"embeddable":true,"href":"https:\/\/www.radioamigavallenar.cl\/index.php?rest_route=%2Fwp%2Fv2%2Fcomments&post=22503"}],"version-history":[{"count":0,"href":"https:\/\/www.radioamigavallenar.cl\/index.php?rest_route=\/wp\/v2\/posts\/22503\/revisions"}],"wp:featuredmedia":[{"embeddable":true,"href":"https:\/\/www.radioamigavallenar.cl\/index.php?rest_route=\/wp\/v2\/media\/22504"}],"wp:attachment":[{"href":"https:\/\/www.radioamigavallenar.cl\/index.php?rest_route=%2Fwp%2Fv2%2Fmedia&parent=22503"}],"wp:term":[{"taxonomy":"category","embeddable":true,"href":"https:\/\/www.radioamigavallenar.cl\/index.php?rest_route=%2Fwp%2Fv2%2Fcategories&post=22503"},{"taxonomy":"post_tag","embeddable":true,"href":"https:\/\/www.radioamigavallenar.cl\/index.php?rest_route=%2Fwp%2Fv2%2Ftags&post=22503"}],"curies":[{"name":"wp","href":"https:\/\/api.w.org\/{rel}","templated":true}]}}