{"id":22489,"date":"2020-03-28T00:00:00","date_gmt":"2020-03-28T03:00:00","guid":{"rendered":"https:\/\/www.radioamigavallenar.cl\/?p=22489"},"modified":"2020-03-27T22:30:22","modified_gmt":"2020-03-28T01:30:22","slug":"ministro-prokurica-pide-a-la-mineria-adoptar-medidas-y-evitar-contagios-por-coronavirus","status":"publish","type":"post","link":"https:\/\/www.radioamigavallenar.cl\/?p=22489","title":{"rendered":"Ministro Prokurica pide a la Miner\u00eda adoptar medidas y evitar contagios por Coronavirus"},"content":{"rendered":"\n<div class=\"wp-block-image\"><figure class=\"aligncenter size-large\"><img loading=\"lazy\" decoding=\"async\" width=\"768\" height=\"512\" src=\"https:\/\/www.radioamigavallenar.cl\/wp-content\/uploads\/2020\/03\/Ministro-Baldo-Prokurica-768x512-1.jpg\" alt=\"\" class=\"wp-image-21672\" srcset=\"https:\/\/www.radioamigavallenar.cl\/wp-content\/uploads\/2020\/03\/Ministro-Baldo-Prokurica-768x512-1.jpg 768w, https:\/\/www.radioamigavallenar.cl\/wp-content\/uploads\/2020\/03\/Ministro-Baldo-Prokurica-768x512-1-300x200.jpg 300w\" sizes=\"auto, (max-width: 768px) 100vw, 768px\" \/><\/figure><\/div>\n\n\n\n<p><strong>El secretario de Estado se\u00f1al\u00f3 que es importante que los trabajadores que est\u00e9n en las operaciones sean de las regiones en donde est\u00e1n instaladas, para as\u00ed evitar la movilidad de las personas en el pa\u00eds.<\/strong><\/p>\n\n\n\n<p>El ministro de Miner\u00eda, Baldo Prokurica, realiz\u00f3 un nuevo llamado a las empresas mineras a seguir tomando medidas que permitan resguardar la salud y seguridad de sus trabajadores, con el objetivo de evitar los contagios por Coronavirus en faenas.<\/p>\n\n\n\n<p>\u201cLes quiero pedir a las empresas mineras que tomen las medidas necesarias para cuidar a sus trabajadores. Sabemos que han dispuesto de protocolos con el fin de evitar el contagio de Coronavirus en las operaciones, pero les queremos solicitar la posibilidad de reducir al m\u00e1ximo las dotaciones en faenas y, dentro de lo posible, que los turnos sean realizados por las personas de las zonas en donde est\u00e1n instaladas, para as\u00ed evitar el desplazamiento de una regi\u00f3n a otra\u201d.<\/p>\n\n\n\n<p>Desde el inicio de la pandemia, las compa\u00f1\u00edas han adoptado estrictas medidas en sus operaciones como, por ejemplo, los controles de temperatura en los accesos, registro de pasajeros en cada uno de los traslados desde y hacia las faenas, distancia entre las personas durante los viajes y ubicaci\u00f3n en casinos, sanitizaci\u00f3n de espacios comunes y veh\u00edculos de traslado.<\/p>\n\n\n\n<p>Asimismo, el secretario de Estado explic\u00f3 que las personas que se encuentran en grupos de riesgo durante esta emergencia cuentan con todas las garant\u00edas para evitar la exposici\u00f3n a un posible contagio, y por ello se ha priorizado el teletrabajo, sistema que adem\u00e1s se extiende en muchos casos a quienes cumplen funciones administrativas.<\/p>\n","protected":false},"excerpt":{"rendered":"<p>El secretario de Estado se\u00f1al\u00f3 que es importante que los trabajadores que est\u00e9n en las operaciones sean de las regiones en donde est\u00e1n instaladas, para&hellip; <\/p>\n","protected":false},"author":2,"featured_media":21672,"comment_status":"open","ping_status":"closed","sticky":false,"template":"","format":"standard","meta":{"footnotes":""},"categories":[7,34,37],"tags":[],"class_list":["post-22489","post","type-post","status-publish","format-standard","has-post-thumbnail","hentry","category-atacama","category-mineria","category-nacional"],"_links":{"self":[{"href":"https:\/\/www.radioamigavallenar.cl\/index.php?rest_route=\/wp\/v2\/posts\/22489","targetHints":{"allow":["GET"]}}],"collection":[{"href":"https:\/\/www.radioamigavallenar.cl\/index.php?rest_route=\/wp\/v2\/posts"}],"about":[{"href":"https:\/\/www.radioamigavallenar.cl\/index.php?rest_route=\/wp\/v2\/types\/post"}],"author":[{"embeddable":true,"href":"https:\/\/www.radioamigavallenar.cl\/index.php?rest_route=\/wp\/v2\/users\/2"}],"replies":[{"embeddable":true,"href":"https:\/\/www.radioamigavallenar.cl\/index.php?rest_route=%2Fwp%2Fv2%2Fcomments&post=22489"}],"version-history":[{"count":0,"href":"https:\/\/www.radioamigavallenar.cl\/index.php?rest_route=\/wp\/v2\/posts\/22489\/revisions"}],"wp:featuredmedia":[{"embeddable":true,"href":"https:\/\/www.radioamigavallenar.cl\/index.php?rest_route=\/wp\/v2\/media\/21672"}],"wp:attachment":[{"href":"https:\/\/www.radioamigavallenar.cl\/index.php?rest_route=%2Fwp%2Fv2%2Fmedia&parent=22489"}],"wp:term":[{"taxonomy":"category","embeddable":true,"href":"https:\/\/www.radioamigavallenar.cl\/index.php?rest_route=%2Fwp%2Fv2%2Fcategories&post=22489"},{"taxonomy":"post_tag","embeddable":true,"href":"https:\/\/www.radioamigavallenar.cl\/index.php?rest_route=%2Fwp%2Fv2%2Ftags&post=22489"}],"curies":[{"name":"wp","href":"https:\/\/api.w.org\/{rel}","templated":true}]}}