{"id":22452,"date":"2020-03-27T00:00:00","date_gmt":"2020-03-27T03:00:00","guid":{"rendered":"https:\/\/www.radioamigavallenar.cl\/?p=22452"},"modified":"2020-03-26T20:11:46","modified_gmt":"2020-03-26T23:11:46","slug":"diputado-santana-pide-urgencia-a-proyecto-que-garantiza-seguridad-en-faenas-mineras","status":"publish","type":"post","link":"https:\/\/www.radioamigavallenar.cl\/?p=22452","title":{"rendered":"Diputado Santana pide urgencia a proyecto que garantiza seguridad en faenas mineras"},"content":{"rendered":"\n<figure class=\"wp-block-image size-large\"><img loading=\"lazy\" decoding=\"async\" width=\"1024\" height=\"839\" src=\"https:\/\/www.radioamigavallenar.cl\/wp-content\/uploads\/2020\/03\/Diputado-Juan-Santana-PS-1536x1259-2-1024x839.jpg\" alt=\"\" class=\"wp-image-21799\" srcset=\"https:\/\/www.radioamigavallenar.cl\/wp-content\/uploads\/2020\/03\/Diputado-Juan-Santana-PS-1536x1259-2-1024x839.jpg 1024w, https:\/\/www.radioamigavallenar.cl\/wp-content\/uploads\/2020\/03\/Diputado-Juan-Santana-PS-1536x1259-2-300x246.jpg 300w, https:\/\/www.radioamigavallenar.cl\/wp-content\/uploads\/2020\/03\/Diputado-Juan-Santana-PS-1536x1259-2-768x630.jpg 768w, https:\/\/www.radioamigavallenar.cl\/wp-content\/uploads\/2020\/03\/Diputado-Juan-Santana-PS-1536x1259-2.jpg 1536w\" sizes=\"auto, (max-width: 1024px) 100vw, 1024px\" \/><\/figure>\n\n\n\n<p>El parlamentario por la regi\u00f3n de Atacama, junto a sus pares del Partido Socialista, present\u00f3 un proyecto de ley donde la declaraci\u00f3n de alerta sanitaria o estado de cat\u00e1strofe faculta a los trabajadores para interrumpir sus labores y obliga al empleador a suspender de manera inmediata las labores.<\/p>\n\n\n\n<p>El diputado por Atacama, Juan Santana, pidi\u00f3 formalmente colocarle urgencia inmediata al proyecto de ley que garantiza la seguridad e integridad de los trabajadores ante situaciones de emergencia sanitaria o estado de cat\u00e1strofe, sobre todo por lo que se est\u00e1 viviendo en el pa\u00eds a ra\u00edz del Covid 19.<\/p>\n\n\n\n<p>Cabe tener en cuenta que el trabajo realizado en faenas mineras o que se ejecutan en funci\u00f3n de la miner\u00eda, reviste ciertas particularidades que la hacen una fuente de contagio potencialmente peligrosa. Aglomeraciones en buses, campamentos y casinos son s\u00f3lo ejemplos que se dan en el d\u00eda a d\u00eda.<\/p>\n\n\n\n<p>Es por esto que el parlamentario explic\u00f3 que \u201cel proyecto de ley permitir\u00e1 que frente a una emergencia sanitaria los trabajadores puedan resguardar su salud, la de sus familias y sus fuentes de trabajo, sin que esto afecte en nada sus remuneraciones o signifique un t\u00e9rmino de la relaci\u00f3n laboral, lo que representa una seguridad personal y laboral a la vez\u201d.<\/p>\n\n\n\n<p>Adem\u00e1s, Santana se\u00f1al\u00f3 que \u201ces indispensables que las faenas mineras, que concentran a un n\u00famero importante de trabajadores y trabajadoras, no puedan seguir funcionando en estas condiciones que se viven a ra\u00edz de la pandemia. Es por eso que este proyecto presentado tiene el fin de resguardar a las personas y a la vez su fuente laboral, garantiz\u00e1ndoles que se les mantendr\u00e1 su puesto y sus salarios. En esta emergencia debemos colaborar entre todos y todas\u201d.<\/p>\n","protected":false},"excerpt":{"rendered":"<p>El parlamentario por la regi\u00f3n de Atacama, junto a sus pares del Partido Socialista, present\u00f3 un proyecto de ley donde la declaraci\u00f3n de alerta sanitaria&hellip; <\/p>\n","protected":false},"author":2,"featured_media":21799,"comment_status":"open","ping_status":"closed","sticky":false,"template":"","format":"standard","meta":{"footnotes":""},"categories":[7,34],"tags":[],"class_list":["post-22452","post","type-post","status-publish","format-standard","has-post-thumbnail","hentry","category-atacama","category-mineria"],"_links":{"self":[{"href":"https:\/\/www.radioamigavallenar.cl\/index.php?rest_route=\/wp\/v2\/posts\/22452","targetHints":{"allow":["GET"]}}],"collection":[{"href":"https:\/\/www.radioamigavallenar.cl\/index.php?rest_route=\/wp\/v2\/posts"}],"about":[{"href":"https:\/\/www.radioamigavallenar.cl\/index.php?rest_route=\/wp\/v2\/types\/post"}],"author":[{"embeddable":true,"href":"https:\/\/www.radioamigavallenar.cl\/index.php?rest_route=\/wp\/v2\/users\/2"}],"replies":[{"embeddable":true,"href":"https:\/\/www.radioamigavallenar.cl\/index.php?rest_route=%2Fwp%2Fv2%2Fcomments&post=22452"}],"version-history":[{"count":0,"href":"https:\/\/www.radioamigavallenar.cl\/index.php?rest_route=\/wp\/v2\/posts\/22452\/revisions"}],"wp:featuredmedia":[{"embeddable":true,"href":"https:\/\/www.radioamigavallenar.cl\/index.php?rest_route=\/wp\/v2\/media\/21799"}],"wp:attachment":[{"href":"https:\/\/www.radioamigavallenar.cl\/index.php?rest_route=%2Fwp%2Fv2%2Fmedia&parent=22452"}],"wp:term":[{"taxonomy":"category","embeddable":true,"href":"https:\/\/www.radioamigavallenar.cl\/index.php?rest_route=%2Fwp%2Fv2%2Fcategories&post=22452"},{"taxonomy":"post_tag","embeddable":true,"href":"https:\/\/www.radioamigavallenar.cl\/index.php?rest_route=%2Fwp%2Fv2%2Ftags&post=22452"}],"curies":[{"name":"wp","href":"https:\/\/api.w.org\/{rel}","templated":true}]}}