{"id":22419,"date":"2020-03-26T10:45:35","date_gmt":"2020-03-26T13:45:35","guid":{"rendered":"https:\/\/www.radioamigavallenar.cl\/?p=22419"},"modified":"2020-03-26T10:45:36","modified_gmt":"2020-03-26T13:45:36","slug":"confirman-164-nuevos-casos-de-coronavirus-en-el-pais-cuatro-fallecidos","status":"publish","type":"post","link":"https:\/\/www.radioamigavallenar.cl\/?p=22419","title":{"rendered":"Confirman 164 nuevos casos de coronavirus en el pa\u00eds: cuatro fallecidos"},"content":{"rendered":"\n<div class=\"wp-block-image\"><figure class=\"aligncenter size-large\"><img loading=\"lazy\" decoding=\"async\" width=\"900\" height=\"600\" src=\"https:\/\/www.radioamigavallenar.cl\/wp-content\/uploads\/2020\/03\/Ministro-Ma\u00f1alich-habl-5999526.jpg\" alt=\"\" class=\"wp-image-22420\" srcset=\"https:\/\/www.radioamigavallenar.cl\/wp-content\/uploads\/2020\/03\/Ministro-Ma\u00f1alich-habl-5999526.jpg 900w, https:\/\/www.radioamigavallenar.cl\/wp-content\/uploads\/2020\/03\/Ministro-Ma\u00f1alich-habl-5999526-300x200.jpg 300w, https:\/\/www.radioamigavallenar.cl\/wp-content\/uploads\/2020\/03\/Ministro-Ma\u00f1alich-habl-5999526-768x512.jpg 768w\" sizes=\"auto, (max-width: 900px) 100vw, 900px\" \/><\/figure><\/div>\n\n\n\n<p><strong>Ministro de Salud, Jaime Ma\u00f1alich, confirm\u00f3 que ya van 1306 pacientes de Covid-19. Adem\u00e1s, entreg\u00f3 informaci\u00f3n del primer fallecido por causa directa de la pandemia.<\/strong><\/p>\n\n\n\n<p>Durante la ma\u00f1ana de este jueves, el ministro de Salud, Jaime Ma\u00f1alich, entreg\u00f3 el informe actualizado de las personas contagiadas por coronavirus en el pa\u00eds.<\/p>\n\n\n\n<p>\u00abEn las \u00faltimas 24 horas se han diagnotistcado 164 nuevos casos de coronavirus, llevando el total de casos a 1306. Son los casos reportados en Chile\u00bb, dijo.<\/p>\n\n\n\n<p>\u00abHay 33 personas que han sido dados de alta y tenemos que lamentar la notificaci\u00f3n de un paciente adicional, el fallecido n\u00famero cuatro, que es un paciente de sexo masculino, de 80 a\u00f1os, con una serie de enfermedades de base que falleci\u00f3 en un recinto hospitalario de la Octava Regi\u00f3n. Ser\u00eda el primer caso en que el paciente fallece a consecuencia de la infecci\u00f3n de coronavirus\u00bb, indic\u00f3.<\/p>\n\n\n\n<h2 class=\"has-text-align-center wp-block-heading\">Disminuci\u00f3n de coronavirus<\/h2>\n\n\n\n<p>Adem\u00e1s, el secretario de Estado asegur\u00f3 que los brotes en la RM siguen a la baja. Tambi\u00e9n se refiri\u00f3 a la esperanzadora situaci\u00f3n de Maule y \u00d1uble, donde los casos tambi\u00e9n disminuyen. Eso s\u00ed, manifest\u00f3 su preocupaci\u00f3n por la situaci\u00f3n de La Araucan\u00eda y Los Lagos.<\/p>\n","protected":false},"excerpt":{"rendered":"<p>Ministro de Salud, Jaime Ma\u00f1alich, confirm\u00f3 que ya van 1306 pacientes de Covid-19. Adem\u00e1s, entreg\u00f3 informaci\u00f3n del primer fallecido por causa directa de la pandemia.&hellip; <\/p>\n","protected":false},"author":2,"featured_media":22420,"comment_status":"open","ping_status":"closed","sticky":false,"template":"","format":"standard","meta":{"footnotes":""},"categories":[37],"tags":[],"class_list":["post-22419","post","type-post","status-publish","format-standard","has-post-thumbnail","hentry","category-nacional"],"_links":{"self":[{"href":"https:\/\/www.radioamigavallenar.cl\/index.php?rest_route=\/wp\/v2\/posts\/22419","targetHints":{"allow":["GET"]}}],"collection":[{"href":"https:\/\/www.radioamigavallenar.cl\/index.php?rest_route=\/wp\/v2\/posts"}],"about":[{"href":"https:\/\/www.radioamigavallenar.cl\/index.php?rest_route=\/wp\/v2\/types\/post"}],"author":[{"embeddable":true,"href":"https:\/\/www.radioamigavallenar.cl\/index.php?rest_route=\/wp\/v2\/users\/2"}],"replies":[{"embeddable":true,"href":"https:\/\/www.radioamigavallenar.cl\/index.php?rest_route=%2Fwp%2Fv2%2Fcomments&post=22419"}],"version-history":[{"count":0,"href":"https:\/\/www.radioamigavallenar.cl\/index.php?rest_route=\/wp\/v2\/posts\/22419\/revisions"}],"wp:featuredmedia":[{"embeddable":true,"href":"https:\/\/www.radioamigavallenar.cl\/index.php?rest_route=\/wp\/v2\/media\/22420"}],"wp:attachment":[{"href":"https:\/\/www.radioamigavallenar.cl\/index.php?rest_route=%2Fwp%2Fv2%2Fmedia&parent=22419"}],"wp:term":[{"taxonomy":"category","embeddable":true,"href":"https:\/\/www.radioamigavallenar.cl\/index.php?rest_route=%2Fwp%2Fv2%2Fcategories&post=22419"},{"taxonomy":"post_tag","embeddable":true,"href":"https:\/\/www.radioamigavallenar.cl\/index.php?rest_route=%2Fwp%2Fv2%2Ftags&post=22419"}],"curies":[{"name":"wp","href":"https:\/\/api.w.org\/{rel}","templated":true}]}}